{"id":23384,"date":"2014-08-16T21:01:06","date_gmt":"2014-08-16T19:01:06","guid":{"rendered":"http:\/\/www.syenlap.dk\/?p=23384"},"modified":"2014-08-17T10:08:35","modified_gmt":"2014-08-17T08:08:35","slug":"diki-kom-hjem-til-en-skoen-aaben-have","status":"publish","type":"post","link":"http:\/\/www.syenlap.dk\/?p=23384","title":{"rendered":"Diki &#8220;kom hjem&#8221; til en sk\u00f8n \u00e5ben have"},"content":{"rendered":"<p>En lang, men dejlig udflugt til en smuk oplevelse i dag med datteren og Diki, som &#8220;kom hjem&#8221; til sit f\u00f8dested for nogle sk\u00f8nne timer:<\/p>\n<p><a href=\"http:\/\/www.syenlap.dk\/wp-content\/uploads\/2014\/08\/diki-i-viborg-1.jpg\" rel=\"lightbox[23384]\"><img loading=\"lazy\" decoding=\"async\" class=\"aligncenter wp-image-23385\" src=\"http:\/\/www.syenlap.dk\/wp-content\/uploads\/2014\/08\/diki-i-viborg-1.jpg\" alt=\"diki i viborg 1\" width=\"800\" height=\"1019\" srcset=\"http:\/\/www.syenlap.dk\/wp-content\/uploads\/2014\/08\/diki-i-viborg-1.jpg 800w, http:\/\/www.syenlap.dk\/wp-content\/uploads\/2014\/08\/diki-i-viborg-1-235x300.jpg 235w\" sizes=\"auto, (max-width: 800px) 100vw, 800px\" \/><\/a><\/p>\n<p>Susan, Dikis opdr\u00e6tter, fik en dejlig overraskelse, da hun og Jesper holdt &#8220;\u00e5ben have&#8221; i Viborg, og vi kom p\u00e5 uventet bes\u00f8g. Diki blev helt overstadig af gl\u00e6de ved gensynet &#8211; og man kan jo nok se, at Susan ogs\u00e5 var glad for at se ham!<\/p>\n<p>Det var s\u00e5 tydeligt, at Diki var p\u00e5 hjemmebane b\u00e5de i haven og indend\u00f8re, det kunne jeg kun gl\u00e6de mig over!<\/p>\n<p><a href=\"http:\/\/www.syenlap.dk\/wp-content\/uploads\/2014\/08\/\u00e5ben-have-1-orangeri.jpg\" rel=\"lightbox[23384]\"><img loading=\"lazy\" decoding=\"async\" class=\"aligncenter size-full wp-image-23387\" src=\"http:\/\/www.syenlap.dk\/wp-content\/uploads\/2014\/08\/\u00e5ben-have-1-orangeri.jpg\" alt=\"\u00e5ben have 1 orangeri\" width=\"800\" height=\"600\" srcset=\"http:\/\/www.syenlap.dk\/wp-content\/uploads\/2014\/08\/\u00e5ben-have-1-orangeri.jpg 800w, http:\/\/www.syenlap.dk\/wp-content\/uploads\/2014\/08\/\u00e5ben-have-1-orangeri-300x225.jpg 300w, http:\/\/www.syenlap.dk\/wp-content\/uploads\/2014\/08\/\u00e5ben-have-1-orangeri-400x300.jpg 400w\" sizes=\"auto, (max-width: 800px) 100vw, 800px\" \/><\/a><\/p>\n<p>Det er ikke noget k\u00e6mpestor have, men den er s\u00e5 smuk med orangeriet og alle sine blomster, buske, tr\u00e6er, smukke detaljer og vidunderlige stemning!<\/p>\n<p><a href=\"http:\/\/www.syenlap.dk\/wp-content\/uploads\/2014\/08\/\u00e5ben-have-9.jpg\" rel=\"lightbox[23384]\"><img loading=\"lazy\" decoding=\"async\" class=\"aligncenter size-full wp-image-23395\" src=\"http:\/\/www.syenlap.dk\/wp-content\/uploads\/2014\/08\/\u00e5ben-have-9.jpg\" alt=\"\u00e5ben have 9\" width=\"800\" height=\"572\" srcset=\"http:\/\/www.syenlap.dk\/wp-content\/uploads\/2014\/08\/\u00e5ben-have-9.jpg 800w, http:\/\/www.syenlap.dk\/wp-content\/uploads\/2014\/08\/\u00e5ben-have-9-300x214.jpg 300w, http:\/\/www.syenlap.dk\/wp-content\/uploads\/2014\/08\/\u00e5ben-have-9-419x300.jpg 419w\" sizes=\"auto, (max-width: 800px) 100vw, 800px\" \/><\/a> <a href=\"http:\/\/www.syenlap.dk\/wp-content\/uploads\/2014\/08\/\u00e5ben-have-8.jpg\" rel=\"lightbox[23384]\"><img loading=\"lazy\" decoding=\"async\" class=\"aligncenter size-full wp-image-23394\" src=\"http:\/\/www.syenlap.dk\/wp-content\/uploads\/2014\/08\/\u00e5ben-have-8.jpg\" alt=\"\u00e5ben have 8\" width=\"800\" height=\"600\" srcset=\"http:\/\/www.syenlap.dk\/wp-content\/uploads\/2014\/08\/\u00e5ben-have-8.jpg 800w, http:\/\/www.syenlap.dk\/wp-content\/uploads\/2014\/08\/\u00e5ben-have-8-300x225.jpg 300w, http:\/\/www.syenlap.dk\/wp-content\/uploads\/2014\/08\/\u00e5ben-have-8-400x300.jpg 400w\" sizes=\"auto, (max-width: 800px) 100vw, 800px\" \/><\/a>\u00a0 <a href=\"http:\/\/www.syenlap.dk\/wp-content\/uploads\/2014\/08\/\u00e5ben-have-3.jpg\" rel=\"lightbox[23384]\"><img loading=\"lazy\" decoding=\"async\" class=\"aligncenter size-full wp-image-23389\" src=\"http:\/\/www.syenlap.dk\/wp-content\/uploads\/2014\/08\/\u00e5ben-have-3.jpg\" alt=\"\u00e5ben have 3\" width=\"500\" height=\"916\" srcset=\"http:\/\/www.syenlap.dk\/wp-content\/uploads\/2014\/08\/\u00e5ben-have-3.jpg 500w, http:\/\/www.syenlap.dk\/wp-content\/uploads\/2014\/08\/\u00e5ben-have-3-163x300.jpg 163w\" sizes=\"auto, (max-width: 500px) 100vw, 500px\" \/><\/a> <a href=\"http:\/\/www.syenlap.dk\/wp-content\/uploads\/2014\/08\/\u00e5ben-have-2.jpg\" rel=\"lightbox[23384]\"><img loading=\"lazy\" decoding=\"async\" class=\"aligncenter size-full wp-image-23388\" src=\"http:\/\/www.syenlap.dk\/wp-content\/uploads\/2014\/08\/\u00e5ben-have-2.jpg\" alt=\"\u00e5ben have 2\" width=\"600\" height=\"450\" srcset=\"http:\/\/www.syenlap.dk\/wp-content\/uploads\/2014\/08\/\u00e5ben-have-2.jpg 600w, http:\/\/www.syenlap.dk\/wp-content\/uploads\/2014\/08\/\u00e5ben-have-2-300x225.jpg 300w, http:\/\/www.syenlap.dk\/wp-content\/uploads\/2014\/08\/\u00e5ben-have-2-400x300.jpg 400w\" sizes=\"auto, (max-width: 600px) 100vw, 600px\" \/><\/a><\/p>\n<p><a href=\"http:\/\/www.byhellenoerby.com\/\" target=\"_blank\">Helle N\u00f8rby<\/a> udstillede og solgte keramik..<\/p>\n<p><a href=\"http:\/\/www.syenlap.dk\/wp-content\/uploads\/2014\/08\/\u00e5ben-have-5-keramik.jpg\" rel=\"lightbox[23384]\"><img loading=\"lazy\" decoding=\"async\" class=\"aligncenter size-full wp-image-23391\" src=\"http:\/\/www.syenlap.dk\/wp-content\/uploads\/2014\/08\/\u00e5ben-have-5-keramik.jpg\" alt=\"\u00e5ben have 5 keramik\" width=\"600\" height=\"450\" srcset=\"http:\/\/www.syenlap.dk\/wp-content\/uploads\/2014\/08\/\u00e5ben-have-5-keramik.jpg 600w, http:\/\/www.syenlap.dk\/wp-content\/uploads\/2014\/08\/\u00e5ben-have-5-keramik-300x225.jpg 300w, http:\/\/www.syenlap.dk\/wp-content\/uploads\/2014\/08\/\u00e5ben-have-5-keramik-400x300.jpg 400w\" sizes=\"auto, (max-width: 600px) 100vw, 600px\" \/><\/a>\u00a0..s\u00e5vel kakler som sk\u00e5le og potter, samt smukke vandspejl af zink med keramikfliser.<\/p>\n<p><a href=\"http:\/\/www.syenlap.dk\/wp-content\/uploads\/2014\/08\/\u00e5ben-have-7.jpg\" rel=\"lightbox[23384]\"><img loading=\"lazy\" decoding=\"async\" class=\"aligncenter size-full wp-image-23393\" src=\"http:\/\/www.syenlap.dk\/wp-content\/uploads\/2014\/08\/\u00e5ben-have-7.jpg\" alt=\"\u00e5ben have 7\" width=\"800\" height=\"600\" srcset=\"http:\/\/www.syenlap.dk\/wp-content\/uploads\/2014\/08\/\u00e5ben-have-7.jpg 800w, http:\/\/www.syenlap.dk\/wp-content\/uploads\/2014\/08\/\u00e5ben-have-7-300x225.jpg 300w, http:\/\/www.syenlap.dk\/wp-content\/uploads\/2014\/08\/\u00e5ben-have-7-400x300.jpg 400w\" sizes=\"auto, (max-width: 800px) 100vw, 800px\" \/><\/a><\/p>\n<p>Og den opm\u00e6rksomme Tibbe-elsker fandt ogs\u00e5 dette smukke minde om Dikis gamle &#8220;onkel&#8221; Sherpa, der nu er g\u00e5et bort ad regnbuen, men har sat sine spor i hjemmet og haven:<\/p>\n<p><a href=\"http:\/\/www.syenlap.dk\/wp-content\/uploads\/2014\/08\/\u00e5ben-have-6-sherpa.jpg\" rel=\"lightbox[23384]\"><img loading=\"lazy\" decoding=\"async\" class=\"aligncenter size-full wp-image-23392\" src=\"http:\/\/www.syenlap.dk\/wp-content\/uploads\/2014\/08\/\u00e5ben-have-6-sherpa.jpg\" alt=\"\u00e5ben have 6 sherpa\" width=\"600\" height=\"419\" srcset=\"http:\/\/www.syenlap.dk\/wp-content\/uploads\/2014\/08\/\u00e5ben-have-6-sherpa.jpg 600w, http:\/\/www.syenlap.dk\/wp-content\/uploads\/2014\/08\/\u00e5ben-have-6-sherpa-300x209.jpg 300w, http:\/\/www.syenlap.dk\/wp-content\/uploads\/2014\/08\/\u00e5ben-have-6-sherpa-429x300.jpg 429w\" sizes=\"auto, (max-width: 600px) 100vw, 600px\" \/><\/a><\/p>\n<p><a href=\"http:\/\/www.syenlap.dk\/wp-content\/uploads\/2014\/08\/\u00e5benhave-2-bronze-sommerfugl.jpg\" rel=\"lightbox[23384]\"><img loading=\"lazy\" decoding=\"async\" class=\"aligncenter size-full wp-image-23399\" src=\"http:\/\/www.syenlap.dk\/wp-content\/uploads\/2014\/08\/\u00e5benhave-2-bronze-sommerfugl.jpg\" alt=\"\u00e5benhave 2 bronze sommerfugl\" width=\"600\" height=\"545\" srcset=\"http:\/\/www.syenlap.dk\/wp-content\/uploads\/2014\/08\/\u00e5benhave-2-bronze-sommerfugl.jpg 600w, http:\/\/www.syenlap.dk\/wp-content\/uploads\/2014\/08\/\u00e5benhave-2-bronze-sommerfugl-300x272.jpg 300w, http:\/\/www.syenlap.dk\/wp-content\/uploads\/2014\/08\/\u00e5benhave-2-bronze-sommerfugl-330x300.jpg 330w\" sizes=\"auto, (max-width: 600px) 100vw, 600px\" \/><\/a><\/p>\n<p>Susans mor <a href=\"http:\/\/www.asbronzeart.dk\/\" target=\"_blank\">Annette Skj\u00e6rb\u00e6k<\/a> laver de flotteste ting i bronze og sten..<\/p>\n<p><a href=\"http:\/\/www.syenlap.dk\/wp-content\/uploads\/2014\/08\/\u00e5benhave-2-bronze-sommerfugl-2.jpg\" rel=\"lightbox[23384]\"><img loading=\"lazy\" decoding=\"async\" class=\"aligncenter size-full wp-image-23398\" src=\"http:\/\/www.syenlap.dk\/wp-content\/uploads\/2014\/08\/\u00e5benhave-2-bronze-sommerfugl-2.jpg\" alt=\"\u00e5benhave 2 bronze sommerfugl 2\" width=\"600\" height=\"575\" srcset=\"http:\/\/www.syenlap.dk\/wp-content\/uploads\/2014\/08\/\u00e5benhave-2-bronze-sommerfugl-2.jpg 600w, http:\/\/www.syenlap.dk\/wp-content\/uploads\/2014\/08\/\u00e5benhave-2-bronze-sommerfugl-2-300x287.jpg 300w, http:\/\/www.syenlap.dk\/wp-content\/uploads\/2014\/08\/\u00e5benhave-2-bronze-sommerfugl-2-313x300.jpg 313w\" sizes=\"auto, (max-width: 600px) 100vw, 600px\" \/><\/a><\/p>\n<p>..sommerfugle i alle st\u00f8rrelser..<\/p>\n<p><a href=\"http:\/\/www.syenlap.dk\/wp-content\/uploads\/2014\/08\/\u00e5benhave-2-bronze-og-sten.jpg\" rel=\"lightbox[23384]\"><img loading=\"lazy\" decoding=\"async\" class=\"aligncenter size-full wp-image-23397\" src=\"http:\/\/www.syenlap.dk\/wp-content\/uploads\/2014\/08\/\u00e5benhave-2-bronze-og-sten.jpg\" alt=\"\u00e5benhave 2 bronze og sten\" width=\"600\" height=\"624\" srcset=\"http:\/\/www.syenlap.dk\/wp-content\/uploads\/2014\/08\/\u00e5benhave-2-bronze-og-sten.jpg 600w, http:\/\/www.syenlap.dk\/wp-content\/uploads\/2014\/08\/\u00e5benhave-2-bronze-og-sten-288x300.jpg 288w\" sizes=\"auto, (max-width: 600px) 100vw, 600px\" \/><\/a><\/p>\n<p>..kombineret med sten og gr\u00f8nne planter<\/p>\n<p><a href=\"http:\/\/www.syenlap.dk\/wp-content\/uploads\/2014\/08\/\u00e5ben-have-4.jpg\" rel=\"lightbox[23384]\"><img loading=\"lazy\" decoding=\"async\" class=\"aligncenter size-full wp-image-23390\" src=\"http:\/\/www.syenlap.dk\/wp-content\/uploads\/2014\/08\/\u00e5ben-have-4.jpg\" alt=\"\u00e5ben have 4\" width=\"600\" height=\"760\" srcset=\"http:\/\/www.syenlap.dk\/wp-content\/uploads\/2014\/08\/\u00e5ben-have-4.jpg 600w, http:\/\/www.syenlap.dk\/wp-content\/uploads\/2014\/08\/\u00e5ben-have-4-236x300.jpg 236w\" sizes=\"auto, (max-width: 600px) 100vw, 600px\" \/><\/a><\/p>\n<p><a href=\"http:\/\/www.syenlap.dk\/wp-content\/uploads\/2014\/08\/diki-viborg-2.jpg\" rel=\"lightbox[23384]\"><img loading=\"lazy\" decoding=\"async\" class=\"aligncenter size-full wp-image-23386\" src=\"http:\/\/www.syenlap.dk\/wp-content\/uploads\/2014\/08\/diki-viborg-2.jpg\" alt=\"diki viborg 2\" width=\"800\" height=\"889\" srcset=\"http:\/\/www.syenlap.dk\/wp-content\/uploads\/2014\/08\/diki-viborg-2.jpg 800w, http:\/\/www.syenlap.dk\/wp-content\/uploads\/2014\/08\/diki-viborg-2-269x300.jpg 269w\" sizes=\"auto, (max-width: 800px) 100vw, 800px\" \/><\/a><\/p>\n<p>Vi havde en dejlig dag, og heldigvis artede vejret sig smukt!<\/p>\n<p><a href=\"http:\/\/www.syenlap.dk\/wp-content\/uploads\/2014\/08\/\u00e5ben-have-10.jpg\" rel=\"lightbox[23384]\"><img loading=\"lazy\" decoding=\"async\" class=\"aligncenter size-full wp-image-23396\" src=\"http:\/\/www.syenlap.dk\/wp-content\/uploads\/2014\/08\/\u00e5ben-have-10.jpg\" alt=\"\u00e5ben have 10\" width=\"800\" height=\"618\" srcset=\"http:\/\/www.syenlap.dk\/wp-content\/uploads\/2014\/08\/\u00e5ben-have-10.jpg 800w, http:\/\/www.syenlap.dk\/wp-content\/uploads\/2014\/08\/\u00e5ben-have-10-300x231.jpg 300w, http:\/\/www.syenlap.dk\/wp-content\/uploads\/2014\/08\/\u00e5ben-have-10-388x300.jpg 388w\" sizes=\"auto, (max-width: 800px) 100vw, 800px\" \/><\/a><\/p>\n<p>Tak for i dag!<\/p>\n","protected":false},"excerpt":{"rendered":"<p>En lang, men dejlig udflugt til en smuk oplevelse i dag med datteren og Diki, som &#8220;kom hjem&#8221; til sit f\u00f8dested for nogle sk\u00f8nne timer: Susan, Dikis opdr\u00e6tter, fik en dejlig overraskelse, da hun og Jesper holdt &#8220;\u00e5ben have&#8221; i &hellip; <a href=\"http:\/\/www.syenlap.dk\/?p=23384\">L\u00e6s resten <span class=\"meta-nav\">&rarr;<\/span><\/a><\/p>\n","protected":false},"author":2,"featured_media":0,"comment_status":"open","ping_status":"open","sticky":false,"template":"","format":"standard","meta":{"footnotes":""},"categories":[12],"tags":[],"class_list":["post-23384","post","type-post","status-publish","format-standard","hentry","category-oplevelser"],"_links":{"self":[{"href":"http:\/\/www.syenlap.dk\/index.php?rest_route=\/wp\/v2\/posts\/23384","targetHints":{"allow":["GET"]}}],"collection":[{"href":"http:\/\/www.syenlap.dk\/index.php?rest_route=\/wp\/v2\/posts"}],"about":[{"href":"http:\/\/www.syenlap.dk\/index.php?rest_route=\/wp\/v2\/types\/post"}],"author":[{"embeddable":true,"href":"http:\/\/www.syenlap.dk\/index.php?rest_route=\/wp\/v2\/users\/2"}],"replies":[{"embeddable":true,"href":"http:\/\/www.syenlap.dk\/index.php?rest_route=%2Fwp%2Fv2%2Fcomments&post=23384"}],"version-history":[{"count":5,"href":"http:\/\/www.syenlap.dk\/index.php?rest_route=\/wp\/v2\/posts\/23384\/revisions"}],"predecessor-version":[{"id":23404,"href":"http:\/\/www.syenlap.dk\/index.php?rest_route=\/wp\/v2\/posts\/23384\/revisions\/23404"}],"wp:attachment":[{"href":"http:\/\/www.syenlap.dk\/index.php?rest_route=%2Fwp%2Fv2%2Fmedia&parent=23384"}],"wp:term":[{"taxonomy":"category","embeddable":true,"href":"http:\/\/www.syenlap.dk\/index.php?rest_route=%2Fwp%2Fv2%2Fcategories&post=23384"},{"taxonomy":"post_tag","embeddable":true,"href":"http:\/\/www.syenlap.dk\/index.php?rest_route=%2Fwp%2Fv2%2Ftags&post=23384"}],"curies":[{"name":"wp","href":"https:\/\/api.w.org\/{rel}","templated":true}]}}