{"id":23454,"date":"2014-08-24T14:24:34","date_gmt":"2014-08-24T12:24:34","guid":{"rendered":"http:\/\/www.syenlap.dk\/?p=23454"},"modified":"2014-08-24T14:25:54","modified_gmt":"2014-08-24T12:25:54","slug":"babytoej","status":"publish","type":"post","link":"http:\/\/www.syenlap.dk\/?p=23454","title":{"rendered":"Babyt\u00f8j"},"content":{"rendered":"<p>Jeg er lige blevet f\u00e6rdig med at strikke et l\u00e6kkert babyt\u00e6ppe i bomuld + silke. Det er ret kraftigt, men meget bl\u00f8dt garn, som vil v\u00e6re l\u00e6kkert at sv\u00f8be en baby i. Der er ikke noget m\u00f8nster, jeg har bare set et, der er strikket p\u00e5 denne m\u00e5de med skiftevis ret og vrang i trekanter, det ku&#8217; jeg godt finde ud af.<\/p>\n<p><a href=\"http:\/\/www.syenlap.dk\/wp-content\/uploads\/2014\/08\/babyt\u00e6ppe.jpg\" rel=\"lightbox[23454]\"><img loading=\"lazy\" decoding=\"async\" class=\"aligncenter size-full wp-image-23455\" src=\"http:\/\/www.syenlap.dk\/wp-content\/uploads\/2014\/08\/babyt\u00e6ppe.jpg\" alt=\"babyt\u00e6ppe\" width=\"600\" height=\"645\" srcset=\"http:\/\/www.syenlap.dk\/wp-content\/uploads\/2014\/08\/babyt\u00e6ppe.jpg 600w, http:\/\/www.syenlap.dk\/wp-content\/uploads\/2014\/08\/babyt\u00e6ppe-279x300.jpg 279w\" sizes=\"auto, (max-width: 600px) 100vw, 600px\" \/><\/a><\/p>\n<p>..og et lille s\u00e6t til en nyf\u00f8dt:<\/p>\n<p><a href=\"http:\/\/www.syenlap.dk\/wp-content\/uploads\/2014\/08\/mini-og-hjelm.jpg\" rel=\"lightbox[23454]\"><img loading=\"lazy\" decoding=\"async\" class=\"aligncenter size-full wp-image-23456\" src=\"http:\/\/www.syenlap.dk\/wp-content\/uploads\/2014\/08\/mini-og-hjelm.jpg\" alt=\"mini og hjelm\" width=\"600\" height=\"518\" srcset=\"http:\/\/www.syenlap.dk\/wp-content\/uploads\/2014\/08\/mini-og-hjelm.jpg 600w, http:\/\/www.syenlap.dk\/wp-content\/uploads\/2014\/08\/mini-og-hjelm-300x259.jpg 300w, http:\/\/www.syenlap.dk\/wp-content\/uploads\/2014\/08\/mini-og-hjelm-347x300.jpg 347w\" sizes=\"auto, (max-width: 600px) 100vw, 600px\" \/><\/a>Tr\u00f8jen hedder &#8220;Mini&#8221; fra Design-Club, str. 0 &#8211; 3 mdr.,\u00a0og en dj\u00e6vlehue til, strikket i J\u00e4rbo garn uld og m\u00e6lkefiber. L\u00e6kkert garn, tyndt og super bl\u00f8dt.<\/p>\n<p>Det er ikke lysegult, der er mest af i garnforretningerne, men den vordende mor er fra Chile, og der skal en nyf\u00f8dt kl\u00e6des i lysegult, uanset k\u00f8n.<\/p>\n<p>Det er en dreng, og han skal komme til verden ca. 1.okt., s\u00e5 n\u00e5r det er vasket, er det klar til ham.<\/p>\n","protected":false},"excerpt":{"rendered":"<p>Jeg er lige blevet f\u00e6rdig med at strikke et l\u00e6kkert babyt\u00e6ppe i bomuld + silke. Det er ret kraftigt, men meget bl\u00f8dt garn, som vil v\u00e6re l\u00e6kkert at sv\u00f8be en baby i. Der er ikke noget m\u00f8nster, jeg har bare &hellip; <a href=\"http:\/\/www.syenlap.dk\/?p=23454\">L\u00e6s resten <span class=\"meta-nav\">&rarr;<\/span><\/a><\/p>\n","protected":false},"author":2,"featured_media":0,"comment_status":"open","ping_status":"open","sticky":false,"template":"","format":"standard","meta":{"footnotes":""},"categories":[16],"tags":[],"class_list":["post-23454","post","type-post","status-publish","format-standard","hentry","category-strik"],"_links":{"self":[{"href":"http:\/\/www.syenlap.dk\/index.php?rest_route=\/wp\/v2\/posts\/23454","targetHints":{"allow":["GET"]}}],"collection":[{"href":"http:\/\/www.syenlap.dk\/index.php?rest_route=\/wp\/v2\/posts"}],"about":[{"href":"http:\/\/www.syenlap.dk\/index.php?rest_route=\/wp\/v2\/types\/post"}],"author":[{"embeddable":true,"href":"http:\/\/www.syenlap.dk\/index.php?rest_route=\/wp\/v2\/users\/2"}],"replies":[{"embeddable":true,"href":"http:\/\/www.syenlap.dk\/index.php?rest_route=%2Fwp%2Fv2%2Fcomments&post=23454"}],"version-history":[{"count":3,"href":"http:\/\/www.syenlap.dk\/index.php?rest_route=\/wp\/v2\/posts\/23454\/revisions"}],"predecessor-version":[{"id":23459,"href":"http:\/\/www.syenlap.dk\/index.php?rest_route=\/wp\/v2\/posts\/23454\/revisions\/23459"}],"wp:attachment":[{"href":"http:\/\/www.syenlap.dk\/index.php?rest_route=%2Fwp%2Fv2%2Fmedia&parent=23454"}],"wp:term":[{"taxonomy":"category","embeddable":true,"href":"http:\/\/www.syenlap.dk\/index.php?rest_route=%2Fwp%2Fv2%2Fcategories&post=23454"},{"taxonomy":"post_tag","embeddable":true,"href":"http:\/\/www.syenlap.dk\/index.php?rest_route=%2Fwp%2Fv2%2Ftags&post=23454"}],"curies":[{"name":"wp","href":"https:\/\/api.w.org\/{rel}","templated":true}]}}