{"id":23462,"date":"2014-08-25T21:17:32","date_gmt":"2014-08-25T19:17:32","guid":{"rendered":"http:\/\/www.syenlap.dk\/?p=23462"},"modified":"2014-08-25T21:17:32","modified_gmt":"2014-08-25T19:17:32","slug":"saa-fik-jeg-min-debut-laenge-ventet","status":"publish","type":"post","link":"http:\/\/www.syenlap.dk\/?p=23462","title":{"rendered":"S\u00e5 fik jeg min debut &#8211; l\u00e6nge ventet!"},"content":{"rendered":"<p>Det blev dagen i dag, hvor jeg fik min debut\u00a0ved long-arm-quiltemaskinen! Stor, stor dag!<\/p>\n<p><a href=\"http:\/\/www.syenlap.dk\/wp-content\/uploads\/2014\/08\/quilt.jpg\" rel=\"lightbox[23462]\"><img loading=\"lazy\" decoding=\"async\" class=\"aligncenter wp-image-23465 size-full\" src=\"http:\/\/www.syenlap.dk\/wp-content\/uploads\/2014\/08\/quilt.jpg\" alt=\"quilt\" width=\"600\" height=\"442\" srcset=\"http:\/\/www.syenlap.dk\/wp-content\/uploads\/2014\/08\/quilt.jpg 600w, http:\/\/www.syenlap.dk\/wp-content\/uploads\/2014\/08\/quilt-300x221.jpg 300w, http:\/\/www.syenlap.dk\/wp-content\/uploads\/2014\/08\/quilt-407x300.jpg 407w\" sizes=\"auto, (max-width: 600px) 100vw, 600px\" \/><\/a><\/p>\n<p>Faktisk har jeg planlagt l\u00e6nge, at dette var det t\u00e6ppe, jeg ville g\u00f8re f\u00f8rste fors\u00f8g med. Med rigtig god hj\u00e6lp fra Laila, som havde sat et stykke op til at \u00f8ve sig p\u00e5 f\u00f8rst, s\u00e5 jeg kunne f\u00e5 det rette &#8220;sving&#8221; i h\u00e6nderne, og vejledning fra Annie, som holdt \u00f8je med mine skuldre, s\u00e5 kom jeg i gang.<\/p>\n<p><a href=\"http:\/\/www.syenlap.dk\/wp-content\/uploads\/2014\/08\/quilt-2.jpg\" rel=\"lightbox[23462]\"><img loading=\"lazy\" decoding=\"async\" class=\"aligncenter size-full wp-image-23463\" src=\"http:\/\/www.syenlap.dk\/wp-content\/uploads\/2014\/08\/quilt-2.jpg\" alt=\"quilt 2\" width=\"800\" height=\"672\" srcset=\"http:\/\/www.syenlap.dk\/wp-content\/uploads\/2014\/08\/quilt-2.jpg 800w, http:\/\/www.syenlap.dk\/wp-content\/uploads\/2014\/08\/quilt-2-300x252.jpg 300w, http:\/\/www.syenlap.dk\/wp-content\/uploads\/2014\/08\/quilt-2-357x300.jpg 357w\" sizes=\"auto, (max-width: 800px) 100vw, 800px\" \/><\/a><\/p>\n<p>Quiltem\u00f8nsteret havde jeg selv en id\u00e9 om &#8211; det er jo frih\u00e5ndsquiltning, bare p\u00e5 en stor maskine &#8211;\u00a0og jeg mente, at jeg kunne quilte rundt p\u00e5 &#8220;blomsterne&#8221;. Laila gav mig s\u00e5 id\u00e9en til at k\u00f8re tilbage igen, s\u00e5 det blev lidt &#8220;dobbelt&#8221; med en &#8220;snegl&#8221; i midten.<\/p>\n<p><a href=\"http:\/\/www.syenlap.dk\/wp-content\/uploads\/2014\/08\/quilt-3.jpg\" rel=\"lightbox[23462]\"><img loading=\"lazy\" decoding=\"async\" class=\"aligncenter size-full wp-image-23464\" src=\"http:\/\/www.syenlap.dk\/wp-content\/uploads\/2014\/08\/quilt-3.jpg\" alt=\"quilt 3\" width=\"800\" height=\"600\" srcset=\"http:\/\/www.syenlap.dk\/wp-content\/uploads\/2014\/08\/quilt-3.jpg 800w, http:\/\/www.syenlap.dk\/wp-content\/uploads\/2014\/08\/quilt-3-300x225.jpg 300w, http:\/\/www.syenlap.dk\/wp-content\/uploads\/2014\/08\/quilt-3-400x300.jpg 400w\" sizes=\"auto, (max-width: 800px) 100vw, 800px\" \/><\/a><\/p>\n<p>Jeg synes, det er flot!!! Og jeg er glad! Det ser s\u00e5dan lidt crazy ud, men det m\u00e5 det gerne. Tr\u00e5den sprang engang imellem, men Laila var der hele tiden til at hj\u00e6lpe med den slags og liges\u00e5dan med at rulle t\u00e6ppet frem, efterh\u00e5nden som jeg havde quiltet 2-3 r\u00e6kker blomster.<\/p>\n<p>Ved I hvad? Det er sjovt!<\/p>\n<p>I \u00f8vrigt er t\u00e6ppet \u00e9n blandt alle de dejlige UFO&#8217;er, vi f\u00e5r fra forskellig side. Dette er lavet af &#8220;Hexagon Flowers&#8221; \/ Bedstemor-blomster, som jeg fik en stor pose af fra en af Kludekonerne i Br\u00e6dstrup. De er h\u00e5ndsyede af mange rester, og jeg har syet dem sammen &#8211; ogs\u00e5 i h\u00e5nden &#8211; og har applikeret hele t\u00e6ppet p\u00e5 de hvide kanter.<\/p>\n<p>Nu mangler bare tr\u00e5denderne at blive h\u00e6ftet og at sy lukkekant p\u00e5. Det er jo ingenting &#8211; alts\u00e5 jeg er da helt &#8220;H\u00d8J&#8221; ! Det kan komme med til Tr\u00e6f i Odense sammen med alle de andre puttet\u00e6pper, vi gerne vil vise frem, for selvf\u00f8lgelig er det et puttet\u00e6ppe til et barn p\u00e5 julem\u00e6rkehjem.<\/p>\n","protected":false},"excerpt":{"rendered":"<p>Det blev dagen i dag, hvor jeg fik min debut\u00a0ved long-arm-quiltemaskinen! Stor, stor dag! Faktisk har jeg planlagt l\u00e6nge, at dette var det t\u00e6ppe, jeg ville g\u00f8re f\u00f8rste fors\u00f8g med. Med rigtig god hj\u00e6lp fra Laila, som havde sat et &hellip; <a href=\"http:\/\/www.syenlap.dk\/?p=23462\">L\u00e6s resten <span class=\"meta-nav\">&rarr;<\/span><\/a><\/p>\n","protected":false},"author":2,"featured_media":0,"comment_status":"open","ping_status":"open","sticky":false,"template":"","format":"standard","meta":{"footnotes":""},"categories":[12,15,69],"tags":[],"class_list":["post-23462","post","type-post","status-publish","format-standard","hentry","category-oplevelser","category-patchwork","category-puttetaepper-til-born-pa-julemaerkehjem"],"_links":{"self":[{"href":"http:\/\/www.syenlap.dk\/index.php?rest_route=\/wp\/v2\/posts\/23462","targetHints":{"allow":["GET"]}}],"collection":[{"href":"http:\/\/www.syenlap.dk\/index.php?rest_route=\/wp\/v2\/posts"}],"about":[{"href":"http:\/\/www.syenlap.dk\/index.php?rest_route=\/wp\/v2\/types\/post"}],"author":[{"embeddable":true,"href":"http:\/\/www.syenlap.dk\/index.php?rest_route=\/wp\/v2\/users\/2"}],"replies":[{"embeddable":true,"href":"http:\/\/www.syenlap.dk\/index.php?rest_route=%2Fwp%2Fv2%2Fcomments&post=23462"}],"version-history":[{"count":2,"href":"http:\/\/www.syenlap.dk\/index.php?rest_route=\/wp\/v2\/posts\/23462\/revisions"}],"predecessor-version":[{"id":23469,"href":"http:\/\/www.syenlap.dk\/index.php?rest_route=\/wp\/v2\/posts\/23462\/revisions\/23469"}],"wp:attachment":[{"href":"http:\/\/www.syenlap.dk\/index.php?rest_route=%2Fwp%2Fv2%2Fmedia&parent=23462"}],"wp:term":[{"taxonomy":"category","embeddable":true,"href":"http:\/\/www.syenlap.dk\/index.php?rest_route=%2Fwp%2Fv2%2Fcategories&post=23462"},{"taxonomy":"post_tag","embeddable":true,"href":"http:\/\/www.syenlap.dk\/index.php?rest_route=%2Fwp%2Fv2%2Ftags&post=23462"}],"curies":[{"name":"wp","href":"https:\/\/api.w.org\/{rel}","templated":true}]}}