{"id":23496,"date":"2014-08-29T18:41:58","date_gmt":"2014-08-29T16:41:58","guid":{"rendered":"http:\/\/www.syenlap.dk\/?p=23496"},"modified":"2014-08-29T18:42:08","modified_gmt":"2014-08-29T16:42:08","slug":"klar-ikke-helt","status":"publish","type":"post","link":"http:\/\/www.syenlap.dk\/?p=23496","title":{"rendered":"Klar? &#8211; ikke helt!"},"content":{"rendered":"<p>Jeg pakker &#8211; sorterer, s\u00e6tter m\u00e6rker p\u00e5, og pakker igen!<\/p>\n<p>Til Puttet\u00e6ppe-boden p\u00e5 TR\u00c6F i Odense l\u00f8rdag og s\u00f8ndag.<\/p>\n<p>Puttet\u00e6pper, der skal med, nogle af dem skal med \u00e9n af de andre 3 i styregruppen eller en hj\u00e6lper videre til et af julem\u00e6rkehjemmene, nogle skal udstilles f\u00f8rst, og alle skal m\u00e6rkes med navn p\u00e5 afsenderen.<\/p>\n<p>Pengekasse + byttepenge, oph\u00e6ng til udstillingst\u00e6pperne, og s\u00e5 skal jeg have materialer med til nye t\u00e6pper, som nogen vil hente p\u00e5 Tr\u00e6ffet for at spare porto. Der er ogs\u00e5 \u00e9n, der har tilbudt at sy lukkekanter p\u00e5 3 t\u00e6pper, dem skal en af hendes syveninder hente &#8211; al hj\u00e6lp er velkommen!<\/p>\n<p>Men nu fik jeg mine f\u00f8dder plejet i dag, s\u00e5 jeg kan holde ud at st\u00e5 og g\u00e5 de 2 hele dage, og sandelig om ikke min fris\u00f8r ringede og tilb\u00f8d at klippe mig i aften. Det havde hun ellers ikke tid til, men hun fandt lige &#8220;et hul&#8221;. S\u00e5 har man det bedre, n\u00e5r det er ordnet.<\/p>\n<p>Huset dufter af &#8220;simremad&#8221;, s\u00e5 jeg har nem mad, n\u00e5r jeg kommer tr\u00e6t hjem l\u00f8rdag aften og s\u00f8ndag aften. &#8220;Hundesitteren&#8221; har bedt om, at Diki f\u00f8rst kommer over til hende kl. 22.30, for hun skal med veninderne til &#8220;Fredericia by Night&#8221; ! Det er OK, og hun passer ham resten af weekenden, for han skal ikke hentes hjem og sove for at opleve, at jeg s\u00e5 tager af sted igen s\u00f8ndag morgen tidligt. Selv om jeg vil savne ham i morgen aften &#8211; min baby ;-( &#8211; han er b\u00f8rstet og friseret og l\u00e6kker nu!<\/p>\n<p>Jeg gl\u00e6der mig!<\/p>\n","protected":false},"excerpt":{"rendered":"<p>Jeg pakker &#8211; sorterer, s\u00e6tter m\u00e6rker p\u00e5, og pakker igen! Til Puttet\u00e6ppe-boden p\u00e5 TR\u00c6F i Odense l\u00f8rdag og s\u00f8ndag. Puttet\u00e6pper, der skal med, nogle af dem skal med \u00e9n af de andre 3 i styregruppen eller en hj\u00e6lper videre til &hellip; <a href=\"http:\/\/www.syenlap.dk\/?p=23496\">L\u00e6s resten <span class=\"meta-nav\">&rarr;<\/span><\/a><\/p>\n","protected":false},"author":2,"featured_media":0,"comment_status":"open","ping_status":"open","sticky":false,"template":"","format":"standard","meta":{"footnotes":""},"categories":[68,4,15,69],"tags":[],"class_list":["post-23496","post","type-post","status-publish","format-standard","hentry","category-de-sma-glaeder","category-dyr","category-patchwork","category-puttetaepper-til-born-pa-julemaerkehjem"],"_links":{"self":[{"href":"http:\/\/www.syenlap.dk\/index.php?rest_route=\/wp\/v2\/posts\/23496","targetHints":{"allow":["GET"]}}],"collection":[{"href":"http:\/\/www.syenlap.dk\/index.php?rest_route=\/wp\/v2\/posts"}],"about":[{"href":"http:\/\/www.syenlap.dk\/index.php?rest_route=\/wp\/v2\/types\/post"}],"author":[{"embeddable":true,"href":"http:\/\/www.syenlap.dk\/index.php?rest_route=\/wp\/v2\/users\/2"}],"replies":[{"embeddable":true,"href":"http:\/\/www.syenlap.dk\/index.php?rest_route=%2Fwp%2Fv2%2Fcomments&post=23496"}],"version-history":[{"count":2,"href":"http:\/\/www.syenlap.dk\/index.php?rest_route=\/wp\/v2\/posts\/23496\/revisions"}],"predecessor-version":[{"id":23498,"href":"http:\/\/www.syenlap.dk\/index.php?rest_route=\/wp\/v2\/posts\/23496\/revisions\/23498"}],"wp:attachment":[{"href":"http:\/\/www.syenlap.dk\/index.php?rest_route=%2Fwp%2Fv2%2Fmedia&parent=23496"}],"wp:term":[{"taxonomy":"category","embeddable":true,"href":"http:\/\/www.syenlap.dk\/index.php?rest_route=%2Fwp%2Fv2%2Fcategories&post=23496"},{"taxonomy":"post_tag","embeddable":true,"href":"http:\/\/www.syenlap.dk\/index.php?rest_route=%2Fwp%2Fv2%2Ftags&post=23496"}],"curies":[{"name":"wp","href":"https:\/\/api.w.org\/{rel}","templated":true}]}}