{"id":23499,"date":"2014-08-30T22:07:45","date_gmt":"2014-08-30T20:07:45","guid":{"rendered":"http:\/\/www.syenlap.dk\/?p=23499"},"modified":"2014-08-30T22:11:27","modified_gmt":"2014-08-30T20:11:27","slug":"sikke-en-dag-paa-traef","status":"publish","type":"post","link":"http:\/\/www.syenlap.dk\/?p=23499","title":{"rendered":"Sikke en dag p\u00e5 Tr\u00e6f!"},"content":{"rendered":"<p><a href=\"http:\/\/www.syenlap.dk\/wp-content\/uploads\/2014\/08\/puttebod-tr\u00e6f-2014.jpg\" rel=\"lightbox[23499]\"><img loading=\"lazy\" decoding=\"async\" class=\"aligncenter size-full wp-image-23503\" src=\"http:\/\/www.syenlap.dk\/wp-content\/uploads\/2014\/08\/puttebod-tr\u00e6f-2014.jpg\" alt=\"puttebod tr\u00e6f 2014\" width=\"800\" height=\"742\" srcset=\"http:\/\/www.syenlap.dk\/wp-content\/uploads\/2014\/08\/puttebod-tr\u00e6f-2014.jpg 800w, http:\/\/www.syenlap.dk\/wp-content\/uploads\/2014\/08\/puttebod-tr\u00e6f-2014-300x278.jpg 300w, http:\/\/www.syenlap.dk\/wp-content\/uploads\/2014\/08\/puttebod-tr\u00e6f-2014-323x300.jpg 323w\" sizes=\"auto, (max-width: 800px) 100vw, 800px\" \/><\/a><\/p>\n<p>S\u00e5 fin og ordentlig s\u00e5 puttet\u00e6ppeboden ud i morges kl 9, da vi \u00e5bnede &#8211; og s\u00e5 fik jeg ellers ikke tid til at fotografere den igen &#8211; for kl. 9.05 kom der s\u00e5 mange s\u00f8de t\u00e6ppetanter med favnen fuld af t\u00e6pper, at vi blev helt svedt!<\/p>\n<p>Hold da helt op! Det er jo s\u00e5dan, at d\u00f8rene \u00e5bnes kl. 9, men butikkerne \u00e5bner f\u00f8rst kl. 9.30 &#8211; og da vi har en\u00a0 meget fin placering i forhold til indgangen, hvorfra man kan se vores bod, er det os, folk stiler imod og flokkes om, mens de venter p\u00e5, at d\u00f8rene til butiksomr\u00e5det \u00e5bnes.<\/p>\n<p>Det var imponerende! Vi modtog i dag 56 puttet\u00e6pper, 11 toppe og et endnu ikkke optalt antal syede blokke. Det er ikke talt op, hvor mange m\u00f8nstre, vi solgte, men vi har jo solgt m\u00f8nstre siden februar, s\u00e5 mange har k\u00f8bt \u00e5rsm\u00f8nstret tidligere. Derimod var vores nye m\u00f8nster &#8220;Evighedsblokken&#8221; en stor succes.<\/p>\n<p>Efterh\u00e5nden l\u00e5 der t\u00e6pper overalt, foruden dem, vi havde h\u00e6ngt op, og hele dagen har det myldret med interesserede, som gerne ville se, r\u00f8re, h\u00f8re og snakke om vores dejlige projekt.<\/p>\n<p>Her er nogle f\u00e5 smagspr\u00f8ver p\u00e5 puttet\u00e6pper, modtaget i dag:<\/p>\n<p><a href=\"http:\/\/www.syenlap.dk\/wp-content\/uploads\/2014\/08\/21-kasser-lone-olesen.jpg\" rel=\"lightbox[23499]\"><img loading=\"lazy\" decoding=\"async\" class=\"aligncenter size-full wp-image-23500\" src=\"http:\/\/www.syenlap.dk\/wp-content\/uploads\/2014\/08\/21-kasser-lone-olesen.jpg\" alt=\"21 kasser lone olesen\" width=\"600\" height=\"714\" srcset=\"http:\/\/www.syenlap.dk\/wp-content\/uploads\/2014\/08\/21-kasser-lone-olesen.jpg 600w, http:\/\/www.syenlap.dk\/wp-content\/uploads\/2014\/08\/21-kasser-lone-olesen-252x300.jpg 252w\" sizes=\"auto, (max-width: 600px) 100vw, 600px\" \/><\/a><\/p>\n<p>Et flot t\u00e6ppe med &#8220;kasser&#8221;, syet af Lone og hendes elever<\/p>\n<p><a href=\"http:\/\/www.syenlap.dk\/wp-content\/uploads\/2014\/08\/30-huse-emma-christoffersen.jpg\" rel=\"lightbox[23499]\"><img loading=\"lazy\" decoding=\"async\" class=\"aligncenter size-full wp-image-23502\" src=\"http:\/\/www.syenlap.dk\/wp-content\/uploads\/2014\/08\/30-huse-emma-christoffersen.jpg\" alt=\"30 huse emma christoffersen\" width=\"600\" height=\"832\" srcset=\"http:\/\/www.syenlap.dk\/wp-content\/uploads\/2014\/08\/30-huse-emma-christoffersen.jpg 600w, http:\/\/www.syenlap.dk\/wp-content\/uploads\/2014\/08\/30-huse-emma-christoffersen-216x300.jpg 216w\" sizes=\"auto, (max-width: 600px) 100vw, 600px\" \/><\/a><\/p>\n<p>Et stort, smukt t\u00e6ppe med huse, syet af Emma..<\/p>\n<p><a href=\"http:\/\/www.syenlap.dk\/wp-content\/uploads\/2014\/08\/27-denimt\u00e6ppe-lisbeth-adrian.jpg\" rel=\"lightbox[23499]\"><img loading=\"lazy\" decoding=\"async\" class=\"aligncenter size-full wp-image-23501\" src=\"http:\/\/www.syenlap.dk\/wp-content\/uploads\/2014\/08\/27-denimt\u00e6ppe-lisbeth-adrian.jpg\" alt=\"27 denimt\u00e6ppe lisbeth adrian\" width=\"800\" height=\"1056\" srcset=\"http:\/\/www.syenlap.dk\/wp-content\/uploads\/2014\/08\/27-denimt\u00e6ppe-lisbeth-adrian.jpg 800w, http:\/\/www.syenlap.dk\/wp-content\/uploads\/2014\/08\/27-denimt\u00e6ppe-lisbeth-adrian-227x300.jpg 227w, http:\/\/www.syenlap.dk\/wp-content\/uploads\/2014\/08\/27-denimt\u00e6ppe-lisbeth-adrian-775x1024.jpg 775w\" sizes=\"auto, (max-width: 800px) 100vw, 800px\" \/><\/a><\/p>\n<p>Og et sp\u00e6ndende t\u00e6ppe, som Lisbeth har syet af cowboybukser (incl. lommer), indrammet af stof i st\u00e6rke kul\u00f8rer og monteret med &#8220;Fix &amp; f\u00e6rdig&#8221; &#8211; en teknik, som mange var meget interesserede i at h\u00f8re mere om.<\/p>\n<p>Der bliver et stort arbejde med at redigere alle de billeder, som blev taget af\u00a03 af os i styregruppen p\u00e5 skift.<\/p>\n<p>Og der blev allerede i dag sendt 2 s\u00e6kke med 23 t\u00e6pper af sted til Kildemose med \u00e9n, der skulle derover med 2 t\u00e6pper, som hun selv har syet, 2 s\u00e6kke ligger nu her hos mig og venter p\u00e5, at jeg k\u00f8rer dem til Fjordmark, og resten bliver pakket til Hobro og Sk\u00e6lsk\u00f8r i morgen.<\/p>\n<p>S\u00e5 der er plads i boden til at modtage flere t\u00e6pper i morgen &#8211; men erfaringen siger, at der komme ikke s\u00e5 mange om s\u00f8ndagen.<\/p>\n","protected":false},"excerpt":{"rendered":"<p>S\u00e5 fin og ordentlig s\u00e5 puttet\u00e6ppeboden ud i morges kl 9, da vi \u00e5bnede &#8211; og s\u00e5 fik jeg ellers ikke tid til at fotografere den igen &#8211; for kl. 9.05 kom der s\u00e5 mange s\u00f8de t\u00e6ppetanter med favnen fuld &hellip; <a href=\"http:\/\/www.syenlap.dk\/?p=23499\">L\u00e6s resten <span class=\"meta-nav\">&rarr;<\/span><\/a><\/p>\n","protected":false},"author":2,"featured_media":0,"comment_status":"open","ping_status":"open","sticky":false,"template":"","format":"standard","meta":{"footnotes":""},"categories":[15,69],"tags":[],"class_list":["post-23499","post","type-post","status-publish","format-standard","hentry","category-patchwork","category-puttetaepper-til-born-pa-julemaerkehjem"],"_links":{"self":[{"href":"http:\/\/www.syenlap.dk\/index.php?rest_route=\/wp\/v2\/posts\/23499","targetHints":{"allow":["GET"]}}],"collection":[{"href":"http:\/\/www.syenlap.dk\/index.php?rest_route=\/wp\/v2\/posts"}],"about":[{"href":"http:\/\/www.syenlap.dk\/index.php?rest_route=\/wp\/v2\/types\/post"}],"author":[{"embeddable":true,"href":"http:\/\/www.syenlap.dk\/index.php?rest_route=\/wp\/v2\/users\/2"}],"replies":[{"embeddable":true,"href":"http:\/\/www.syenlap.dk\/index.php?rest_route=%2Fwp%2Fv2%2Fcomments&post=23499"}],"version-history":[{"count":4,"href":"http:\/\/www.syenlap.dk\/index.php?rest_route=\/wp\/v2\/posts\/23499\/revisions"}],"predecessor-version":[{"id":23507,"href":"http:\/\/www.syenlap.dk\/index.php?rest_route=\/wp\/v2\/posts\/23499\/revisions\/23507"}],"wp:attachment":[{"href":"http:\/\/www.syenlap.dk\/index.php?rest_route=%2Fwp%2Fv2%2Fmedia&parent=23499"}],"wp:term":[{"taxonomy":"category","embeddable":true,"href":"http:\/\/www.syenlap.dk\/index.php?rest_route=%2Fwp%2Fv2%2Fcategories&post=23499"},{"taxonomy":"post_tag","embeddable":true,"href":"http:\/\/www.syenlap.dk\/index.php?rest_route=%2Fwp%2Fv2%2Ftags&post=23499"}],"curies":[{"name":"wp","href":"https:\/\/api.w.org\/{rel}","templated":true}]}}