{"id":23508,"date":"2014-08-31T07:29:19","date_gmt":"2014-08-31T05:29:19","guid":{"rendered":"http:\/\/www.syenlap.dk\/?p=23508"},"modified":"2014-08-31T07:29:48","modified_gmt":"2014-08-31T05:29:48","slug":"fordi-man-er-advokat","status":"publish","type":"post","link":"http:\/\/www.syenlap.dk\/?p=23508","title":{"rendered":"Fordi man er advokat&#8230;"},"content":{"rendered":"<p>&#8230;er man ikke n\u00f8dvendigvis en god dirigent! (Det mente han ellers selv &#8211; ja virkelig!)<\/p>\n<p>Det var efter min mening ikke mindst advokat-dirigentens skyld, at generalforsamlingen i Dansk Patchwork Forening i g\u00e5r blev helt un\u00f8dvendig langtrukken! Sp\u00f8rgsm\u00e5l til \u00e6ndringer af vedt\u00e6gterne uden den helt store betydning fik alt for stor v\u00e6gt med alt for mange og lange indl\u00e6g fra f\u00e5 personer, og et forslag om anderledes finansiering af lokalgruppem\u00f8der, som er en livsnerve i foreningen, gik ogs\u00e5 over gevind!<\/p>\n<p>Men det blev da helt grotesk, da dirigenten godkendte et forslag fra en stemmet\u00e6ller om, at n\u00e5r der kunne stemmes p\u00e5 3 ud af 6 kandidater til bestyrelsen, s\u00e5 skulle man bruge 3 stemmesedler i stedet for op til 3 navne p\u00e5 samme stemmeseddel! Det var der heldigvis deltagere, der protesterede imod &#8211; ellers kunne man jo i realiteten stemme 3 gange p\u00e5 samme kandidat! Det er da uhyrligt!<\/p>\n<p>Nu, alt det bet\u00f8d, at jeg f\u00f8rst var hjemme kl. 21.05! Og s\u00e5 forlod jeg som mange andre endda generalforsamlingen f\u00f8r den var slut.<\/p>\n<p>Det var godt, at der ikke sad en lille hund og ventede p\u00e5 mig &#8211; han er i trygge, s\u00f8de h\u00e6nder begge dage hos Christina og keder sig ikke!<\/p>\n<p>Nu g\u00e5r der l\u00f8s igen i dag i Puttet\u00e6ppeboden p\u00e5 Tr\u00e6f, jeg gl\u00e6der mig lige s\u00e5 meget i dag!<\/p>\n","protected":false},"excerpt":{"rendered":"<p>&#8230;er man ikke n\u00f8dvendigvis en god dirigent! (Det mente han ellers selv &#8211; ja virkelig!) Det var efter min mening ikke mindst advokat-dirigentens skyld, at generalforsamlingen i Dansk Patchwork Forening i g\u00e5r blev helt un\u00f8dvendig langtrukken! Sp\u00f8rgsm\u00e5l til \u00e6ndringer af &hellip; <a href=\"http:\/\/www.syenlap.dk\/?p=23508\">L\u00e6s resten <span class=\"meta-nav\">&rarr;<\/span><\/a><\/p>\n","protected":false},"author":2,"featured_media":0,"comment_status":"open","ping_status":"open","sticky":false,"template":"","format":"standard","meta":{"footnotes":""},"categories":[15,18],"tags":[],"class_list":["post-23508","post","type-post","status-publish","format-standard","hentry","category-patchwork","category-vores-samfund"],"_links":{"self":[{"href":"http:\/\/www.syenlap.dk\/index.php?rest_route=\/wp\/v2\/posts\/23508","targetHints":{"allow":["GET"]}}],"collection":[{"href":"http:\/\/www.syenlap.dk\/index.php?rest_route=\/wp\/v2\/posts"}],"about":[{"href":"http:\/\/www.syenlap.dk\/index.php?rest_route=\/wp\/v2\/types\/post"}],"author":[{"embeddable":true,"href":"http:\/\/www.syenlap.dk\/index.php?rest_route=\/wp\/v2\/users\/2"}],"replies":[{"embeddable":true,"href":"http:\/\/www.syenlap.dk\/index.php?rest_route=%2Fwp%2Fv2%2Fcomments&post=23508"}],"version-history":[{"count":2,"href":"http:\/\/www.syenlap.dk\/index.php?rest_route=\/wp\/v2\/posts\/23508\/revisions"}],"predecessor-version":[{"id":23510,"href":"http:\/\/www.syenlap.dk\/index.php?rest_route=\/wp\/v2\/posts\/23508\/revisions\/23510"}],"wp:attachment":[{"href":"http:\/\/www.syenlap.dk\/index.php?rest_route=%2Fwp%2Fv2%2Fmedia&parent=23508"}],"wp:term":[{"taxonomy":"category","embeddable":true,"href":"http:\/\/www.syenlap.dk\/index.php?rest_route=%2Fwp%2Fv2%2Fcategories&post=23508"},{"taxonomy":"post_tag","embeddable":true,"href":"http:\/\/www.syenlap.dk\/index.php?rest_route=%2Fwp%2Fv2%2Ftags&post=23508"}],"curies":[{"name":"wp","href":"https:\/\/api.w.org\/{rel}","templated":true}]}}