{"id":23532,"date":"2014-09-02T22:30:26","date_gmt":"2014-09-02T20:30:26","guid":{"rendered":"http:\/\/www.syenlap.dk\/?p=23532"},"modified":"2014-09-02T22:30:26","modified_gmt":"2014-09-02T20:30:26","slug":"lillebaelt-quilterne","status":"publish","type":"post","link":"http:\/\/www.syenlap.dk\/?p=23532","title":{"rendered":"Lilleb\u00e6lt Quilterne"},"content":{"rendered":"<p>Det var lige s\u00e5 hyggeligt at sy sammen med Lilleb\u00e6lt Quilterne som med Vitus Bering Quilterne! Der var \u00e9n, der spurgte, da vi sagde farvel, om hvordan jeg havde haft det &#8211; og det kan jeg ikke klage p\u00e5! Men n\u00e5r man har samme interesse, er det sj\u00e6ldent et problem at finde noget at snakke om!<\/p>\n<p>De har en skik med at f\u00f8rste aften skal der v\u00e6re en overraskelse, og det var en &#8220;skraldespand&#8221;, der skulle foldes af papir. Det var ikke helt nemt at gennemskue, men med god hj\u00e6lp var det ikke s\u00e5 sv\u00e6rt. Her er min:<\/p>\n<p><a href=\"http:\/\/www.syenlap.dk\/wp-content\/uploads\/2014\/09\/foldet-papir-skraldespand.jpg\" rel=\"lightbox[23532]\"><img loading=\"lazy\" decoding=\"async\" class=\"aligncenter size-full wp-image-23536\" src=\"http:\/\/www.syenlap.dk\/wp-content\/uploads\/2014\/09\/foldet-papir-skraldespand.jpg\" alt=\"foldet papir skraldespand\" width=\"500\" height=\"473\" srcset=\"http:\/\/www.syenlap.dk\/wp-content\/uploads\/2014\/09\/foldet-papir-skraldespand.jpg 500w, http:\/\/www.syenlap.dk\/wp-content\/uploads\/2014\/09\/foldet-papir-skraldespand-300x283.jpg 300w, http:\/\/www.syenlap.dk\/wp-content\/uploads\/2014\/09\/foldet-papir-skraldespand-317x300.jpg 317w\" sizes=\"auto, (max-width: 500px) 100vw, 500px\" \/><\/a><\/p>\n<p>Og et par stykker mere, de kan foldes sammen og tages med &#8211; smart:<\/p>\n<p><a href=\"http:\/\/www.syenlap.dk\/wp-content\/uploads\/2014\/09\/foldet-papir-skraldespand-4.jpg\" rel=\"lightbox[23532]\"><img loading=\"lazy\" decoding=\"async\" class=\"aligncenter size-full wp-image-23535\" src=\"http:\/\/www.syenlap.dk\/wp-content\/uploads\/2014\/09\/foldet-papir-skraldespand-4.jpg\" alt=\"foldet papir skraldespand 4\" width=\"500\" height=\"534\" srcset=\"http:\/\/www.syenlap.dk\/wp-content\/uploads\/2014\/09\/foldet-papir-skraldespand-4.jpg 500w, http:\/\/www.syenlap.dk\/wp-content\/uploads\/2014\/09\/foldet-papir-skraldespand-4-280x300.jpg 280w\" sizes=\"auto, (max-width: 500px) 100vw, 500px\" \/><\/a> <a href=\"http:\/\/www.syenlap.dk\/wp-content\/uploads\/2014\/09\/foldet-papir-skraldespand-3.jpg\" rel=\"lightbox[23532]\"><img loading=\"lazy\" decoding=\"async\" class=\"aligncenter size-full wp-image-23534\" src=\"http:\/\/www.syenlap.dk\/wp-content\/uploads\/2014\/09\/foldet-papir-skraldespand-3.jpg\" alt=\"foldet papir skraldespand 3\" width=\"500\" height=\"397\" srcset=\"http:\/\/www.syenlap.dk\/wp-content\/uploads\/2014\/09\/foldet-papir-skraldespand-3.jpg 500w, http:\/\/www.syenlap.dk\/wp-content\/uploads\/2014\/09\/foldet-papir-skraldespand-3-300x238.jpg 300w, http:\/\/www.syenlap.dk\/wp-content\/uploads\/2014\/09\/foldet-papir-skraldespand-3-377x300.jpg 377w\" sizes=\"auto, (max-width: 500px) 100vw, 500px\" \/><\/a> <a href=\"http:\/\/www.syenlap.dk\/wp-content\/uploads\/2014\/09\/foldet-papir-skraldespand-2.jpg\" rel=\"lightbox[23532]\"><img loading=\"lazy\" decoding=\"async\" class=\"aligncenter size-full wp-image-23533\" src=\"http:\/\/www.syenlap.dk\/wp-content\/uploads\/2014\/09\/foldet-papir-skraldespand-2.jpg\" alt=\"foldet papir skraldespand 2\" width=\"500\" height=\"446\" srcset=\"http:\/\/www.syenlap.dk\/wp-content\/uploads\/2014\/09\/foldet-papir-skraldespand-2.jpg 500w, http:\/\/www.syenlap.dk\/wp-content\/uploads\/2014\/09\/foldet-papir-skraldespand-2-300x267.jpg 300w, http:\/\/www.syenlap.dk\/wp-content\/uploads\/2014\/09\/foldet-papir-skraldespand-2-336x300.jpg 336w\" sizes=\"auto, (max-width: 500px) 100vw, 500px\" \/><\/a><\/p>\n<p>Jeg fik ogs\u00e5 lov at fotografere flere f\u00e6rdige ting til Kludekoner.dk &#8211; de kommer senere.<\/p>\n","protected":false},"excerpt":{"rendered":"<p>Det var lige s\u00e5 hyggeligt at sy sammen med Lilleb\u00e6lt Quilterne som med Vitus Bering Quilterne! Der var \u00e9n, der spurgte, da vi sagde farvel, om hvordan jeg havde haft det &#8211; og det kan jeg ikke klage p\u00e5! Men &hellip; <a href=\"http:\/\/www.syenlap.dk\/?p=23532\">L\u00e6s resten <span class=\"meta-nav\">&rarr;<\/span><\/a><\/p>\n","protected":false},"author":2,"featured_media":0,"comment_status":"open","ping_status":"open","sticky":false,"template":"","format":"standard","meta":{"footnotes":""},"categories":[68,15],"tags":[],"class_list":["post-23532","post","type-post","status-publish","format-standard","hentry","category-de-sma-glaeder","category-patchwork"],"_links":{"self":[{"href":"http:\/\/www.syenlap.dk\/index.php?rest_route=\/wp\/v2\/posts\/23532","targetHints":{"allow":["GET"]}}],"collection":[{"href":"http:\/\/www.syenlap.dk\/index.php?rest_route=\/wp\/v2\/posts"}],"about":[{"href":"http:\/\/www.syenlap.dk\/index.php?rest_route=\/wp\/v2\/types\/post"}],"author":[{"embeddable":true,"href":"http:\/\/www.syenlap.dk\/index.php?rest_route=\/wp\/v2\/users\/2"}],"replies":[{"embeddable":true,"href":"http:\/\/www.syenlap.dk\/index.php?rest_route=%2Fwp%2Fv2%2Fcomments&post=23532"}],"version-history":[{"count":1,"href":"http:\/\/www.syenlap.dk\/index.php?rest_route=\/wp\/v2\/posts\/23532\/revisions"}],"predecessor-version":[{"id":23537,"href":"http:\/\/www.syenlap.dk\/index.php?rest_route=\/wp\/v2\/posts\/23532\/revisions\/23537"}],"wp:attachment":[{"href":"http:\/\/www.syenlap.dk\/index.php?rest_route=%2Fwp%2Fv2%2Fmedia&parent=23532"}],"wp:term":[{"taxonomy":"category","embeddable":true,"href":"http:\/\/www.syenlap.dk\/index.php?rest_route=%2Fwp%2Fv2%2Fcategories&post=23532"},{"taxonomy":"post_tag","embeddable":true,"href":"http:\/\/www.syenlap.dk\/index.php?rest_route=%2Fwp%2Fv2%2Ftags&post=23532"}],"curies":[{"name":"wp","href":"https:\/\/api.w.org\/{rel}","templated":true}]}}