{"id":247,"date":"2008-09-04T14:44:53","date_gmt":"2008-09-04T12:44:53","guid":{"rendered":"http:\/\/www.syenlap.dk\/?p=247"},"modified":"2008-09-04T14:44:53","modified_gmt":"2008-09-04T12:44:53","slug":"brudekjole-quilt","status":"publish","type":"post","link":"http:\/\/www.syenlap.dk\/?p=247","title":{"rendered":"Brudekjole-quilt"},"content":{"rendered":"<p><a href=\"http:\/\/www.syenlap.dk\/wp-content\/uploads\/2008\/09\/hvidt.jpg\" rel=\"lightbox[247]\"><img loading=\"lazy\" decoding=\"async\" class=\"aligncenter size-full wp-image-248\" title=\"Hvidt- hvidt\" src=\"http:\/\/www.syenlap.dk\/wp-content\/uploads\/2008\/09\/hvidt.jpg\" alt=\"\" width=\"450\" height=\"303\" \/><\/a><\/p>\n<p>\u00a0<\/p>\n<p>Jeg har aldrig f\u00f8r syet hvidt\/hvidt, men det er der jo ogs\u00e5 en udfordring i. Japansk foldeteknik havde jeg besluttet p\u00e5 forh\u00e5nd. Egentlig var tanken, at det skulle v\u00e6re lysegr\u00e5 h\u00f8r under gamle melleml\u00e6gservietter og blonder. Men den vordende s\u00f8vbrud havde jo et stort \u00f8nske om, at hendes brudekjole skulle bruges, og det skulle v\u00e6re helt hvidt. S\u00e5 det bliver det, og jeg bruger s\u00e5 yderkjolen, som er blondestof, samt fl\u00e6serne og\u00a0et fint blondekantet lommet\u00f8rkl\u00e6de som overside i blokkene. Der ligger fin hvid l\u00e6rred under, og til bagside\/buer er brugt underkjolen. Senere vil brudgommens og s\u00f8nnens skjorter og datterens konfirmationskjole blive brugt som supplement. Den hvide t-shirt, tilh\u00f8rende yngstes\u00f8nnen ved jeg ikke endnu, hvor den skal indg\u00e5.<\/p>\n<p>Sjov opgave! Jeg quilter med r\u00e5hvid silke, det giver et smukt sk\u00e6r. Og jeg har ogs\u00e5 overvejet at bruge silke som supplement, hvis der ikke er stof nok i de n\u00e6vnte bekl\u00e6dningsgenstande!<\/p>\n","protected":false},"excerpt":{"rendered":"<p>\u00a0 Jeg har aldrig f\u00f8r syet hvidt\/hvidt, men det er der jo ogs\u00e5 en udfordring i. Japansk foldeteknik havde jeg besluttet p\u00e5 forh\u00e5nd. Egentlig var tanken, at det skulle v\u00e6re lysegr\u00e5 h\u00f8r under gamle melleml\u00e6gservietter og blonder. Men den vordende &hellip; <a href=\"http:\/\/www.syenlap.dk\/?p=247\">L\u00e6s resten <span class=\"meta-nav\">&rarr;<\/span><\/a><\/p>\n","protected":false},"author":2,"featured_media":0,"comment_status":"open","ping_status":"open","sticky":false,"template":"","format":"standard","meta":{"footnotes":""},"categories":[5,15],"tags":[23,59,61],"class_list":["post-247","post","type-post","status-publish","format-standard","hentry","category-familien","category-patchwork","tag-brudekjolequilt","tag-slvbrudetppe","tag-tilfj-ny-tag"],"_links":{"self":[{"href":"http:\/\/www.syenlap.dk\/index.php?rest_route=\/wp\/v2\/posts\/247","targetHints":{"allow":["GET"]}}],"collection":[{"href":"http:\/\/www.syenlap.dk\/index.php?rest_route=\/wp\/v2\/posts"}],"about":[{"href":"http:\/\/www.syenlap.dk\/index.php?rest_route=\/wp\/v2\/types\/post"}],"author":[{"embeddable":true,"href":"http:\/\/www.syenlap.dk\/index.php?rest_route=\/wp\/v2\/users\/2"}],"replies":[{"embeddable":true,"href":"http:\/\/www.syenlap.dk\/index.php?rest_route=%2Fwp%2Fv2%2Fcomments&post=247"}],"version-history":[{"count":0,"href":"http:\/\/www.syenlap.dk\/index.php?rest_route=\/wp\/v2\/posts\/247\/revisions"}],"wp:attachment":[{"href":"http:\/\/www.syenlap.dk\/index.php?rest_route=%2Fwp%2Fv2%2Fmedia&parent=247"}],"wp:term":[{"taxonomy":"category","embeddable":true,"href":"http:\/\/www.syenlap.dk\/index.php?rest_route=%2Fwp%2Fv2%2Fcategories&post=247"},{"taxonomy":"post_tag","embeddable":true,"href":"http:\/\/www.syenlap.dk\/index.php?rest_route=%2Fwp%2Fv2%2Ftags&post=247"}],"curies":[{"name":"wp","href":"https:\/\/api.w.org\/{rel}","templated":true}]}}