{"id":252,"date":"2008-09-05T16:38:01","date_gmt":"2008-09-05T14:38:01","guid":{"rendered":"http:\/\/www.syenlap.dk\/?p=252"},"modified":"2008-09-05T16:38:01","modified_gmt":"2008-09-05T14:38:01","slug":"i-skole-i-gamle-dage","status":"publish","type":"post","link":"http:\/\/www.syenlap.dk\/?p=252","title":{"rendered":"I skole i gamle dage"},"content":{"rendered":"<p>Jeg fik i g\u00e5r et brev &#8211; et rigtigt brev med posten &#8211; fra <a href=\"http:\/\/www.kludekoner.dk\/forside.php?ssprog=dansk&amp;&amp;vispic=2508\" target=\"_blank\">Christina<\/a>\u00a0mit barnebarn p\u00e5 7 \u00e5r, som lige er startet i 2. klasse i skolen. Jeg ved godt, at Christina er dygtig og kvik, men jeg er alligevel meget imponeret, pr\u00f8v at se:<\/p>\n<p><a href=\"http:\/\/www.syenlap.dk\/wp-content\/uploads\/2008\/09\/brev-fra-christina.jpg\" rel=\"lightbox[252]\"><img loading=\"lazy\" decoding=\"async\" class=\"alignnone size-full wp-image-253\" title=\"Brev fra Christina 040808\" src=\"http:\/\/www.syenlap.dk\/wp-content\/uploads\/2008\/09\/brev-fra-christina.jpg\" alt=\"\" width=\"450\" height=\"669\" \/><\/a><\/p>\n<p>\u00a0<\/p>\n<p>Jeg ringede i f\u00f8rste omgang og takkede for brevet, og s\u00e5 blev jeg imponeret igen! For Christina var alene hjemme, og det ku&#8217; hun sagtens, for hun havde f\u00e5et lov at l\u00e5ne storebrors computer! Og s\u00e5 l\u00e6ste hun sin sidste stil op for mig i telefonen, emnet var &#8220;Hvordan ser du dig selv i 9. klasse?&#8221;, og jeg skal love for, at den var b\u00e5de fantasifuld og detaljeret &#8211; og lang! Jamen alts\u00e5 &#8211; det er da imponerende!<\/p>\n<p>Selvf\u00f8lgelig vil jeg gerne fort\u00e6lle, om dengang i gamle dage (Christinas ord i tlf.), hvor jeg gik i skole. S\u00e5 jeg fandt lige mit temmelig omfangsrige fotoalbum frem, jeg havde en onkel, der var pressefotograf, s\u00e5 der er mange og gode billeder.<\/p>\n<p><a href=\"http:\/\/www.syenlap.dk\/wp-content\/uploads\/2008\/09\/1-skoledag-min.jpg\" rel=\"lightbox[252]\"><img loading=\"lazy\" decoding=\"async\" class=\"alignleft size-medium wp-image-256\" title=\"1. skoledag\" src=\"http:\/\/www.syenlap.dk\/wp-content\/uploads\/2008\/09\/1-skoledag-min-202x300.jpg\" alt=\"\" width=\"202\" height=\"300\" \/><\/a><\/p>\n<p>\u00a0Jeg skulle v\u00e6re startet i skole i 1945, hvor jeg var 6 \u00e5r gammel, men det blev udsat 1 \u00e5r, fordi mine for\u00e6ldre byggede nyt hus i et villakvarter i Odense, og derfor var det mest praktisk, at jeg startede efter flytningen i stedet for i en skole inde i centrum, hvor vi boede i en lejlighed under bes\u00e6ttelsen.<\/p>\n<p>Desv\u00e6rre var &#8220;min&#8221; skole, Hunderupskolen,\u00a0inddraget til at huse flygtninge, s\u00e5 de f\u00f8rste 2 \u00e5r gik jeg p\u00e5 Munkebjergskolen, der l\u00e5 lidt l\u00e6ngere v\u00e6k og var meget st\u00f8rre. Og s\u00e5 gik vi om eftermiddagen, hvor skolens egne elever havde fri!<\/p>\n<p>\u00a0<\/p>\n<p>\u00a0Men klassen var den, der h\u00f8rte til p\u00e5 Hunderupskolen, her er vi, vi var vist 30 i klassen, men min sidekammerat fra 1. dag mangler p\u00e5 dette billede. Min hukommelse er desv\u00e6rre ikke s\u00e5 god, s\u00e5 jeg kan kun huske nogle af navnene, men jeg kan kende dem allesammen og huske dem og hvordan de var. Jeg sidder i 1. r\u00e6kke nr. 2 fra venstre med stor sl\u00f8jfe i h\u00e5ret! Vi fulgtes ad i 5 \u00e5r, s\u00e5 blev vi delt og skiftede til andre skoler.\u00a0<\/p>\n<p><a href=\"http:\/\/www.syenlap.dk\/wp-content\/uploads\/2008\/09\/1-klasse-munkebjergkolen-1946.jpg\" rel=\"lightbox[252]\"><\/a><\/p>\n<p><a href=\"http:\/\/www.syenlap.dk\/wp-content\/uploads\/2008\/09\/1-klasse-munkebjergkolen-1946-4501.jpg\" rel=\"lightbox[252]\"><img loading=\"lazy\" decoding=\"async\" class=\"alignnone size-full wp-image-268\" title=\"1. klasse 1946\" src=\"http:\/\/www.syenlap.dk\/wp-content\/uploads\/2008\/09\/1-klasse-munkebjergkolen-1946-4501.jpg\" alt=\"\" width=\"450\" height=\"310\" \/><\/a>\u00a0<\/p>\n<p>\u00a0<\/p>\n<p>\u00c5ret efter begyndte min \u00e6ldste s\u00f8ster ogs\u00e5 i skole, og dette billede var p\u00e5 forsiden af Fyens Stiftstidende, hvor onklen var fotograf, men teksten:<\/p>\n<p>Tvillingers f\u00f8rste skoledag!<a href=\"http:\/\/www.syenlap.dk\/wp-content\/uploads\/2008\/09\/2-klasse-start1.jpg\" rel=\"lightbox[252]\"><img loading=\"lazy\" decoding=\"async\" class=\"alignright size-medium wp-image-260\" title=\"tvillinger\" src=\"http:\/\/www.syenlap.dk\/wp-content\/uploads\/2008\/09\/2-klasse-start1-195x300.jpg\" alt=\"\" width=\"195\" height=\"300\" \/><\/a><\/p>\n<p>Nej, hvor var jeg sur! Jeg vidste godt, at vi blev taget for tvillinger, for hun var hurtigt lige s\u00e5 h\u00f8j som jeg og blev endnu h\u00f8jere. Og vi var n\u00e6sten altid ens kl\u00e6dt.\u00a0Men man kunne da se at <strong>skoletasken<\/strong> var brugt i 1 \u00e5r!<\/p>\n<p>\u00a0<\/p>\n<p>\u00a0<\/p>\n<p>\u00a0<\/p>\n<p>\u00a0<\/p>\n<p>\u00a0<\/p>\n<p><strong><\/strong><\/p>\n<p><strong>2. eller 3. klasse<\/strong><\/p>\n<p><a href=\"http:\/\/www.syenlap.dk\/wp-content\/uploads\/2008\/09\/3-klasse-hunderupskolen-450.jpg\" rel=\"lightbox[252]\"><img loading=\"lazy\" decoding=\"async\" class=\"alignnone size-full wp-image-261\" title=\"3-klasse-hunderupskolen-450\" src=\"http:\/\/www.syenlap.dk\/wp-content\/uploads\/2008\/09\/3-klasse-hunderupskolen-450.jpg\" alt=\"\" width=\"450\" height=\"244\" \/><\/a><\/p>\n<p>\u00a0<\/p>\n<p>Jeg er ikke helt sikker p\u00e5, om dette er fra 2. eller 3. klasse, men det er nok 3., og vi er flyttet ind p\u00e5 vores &#8220;rigtige&#8221; skole, og har f\u00e5et en ny, ung l\u00e6rer.<\/p>\n<p>S\u00e5 nu vil jeg skrive en lille historie med billeder fra dengang, s\u00e5 Christina kan f\u00e5 den med hjem, n\u00e5r hun kommer i morgen.<\/p>\n","protected":false},"excerpt":{"rendered":"<p>Jeg fik i g\u00e5r et brev &#8211; et rigtigt brev med posten &#8211; fra Christina\u00a0mit barnebarn p\u00e5 7 \u00e5r, som lige er startet i 2. klasse i skolen. Jeg ved godt, at Christina er dygtig og kvik, men jeg er &hellip; <a href=\"http:\/\/www.syenlap.dk\/?p=252\">L\u00e6s resten <span class=\"meta-nav\">&rarr;<\/span><\/a><\/p>\n","protected":false},"author":2,"featured_media":0,"comment_status":"open","ping_status":"open","sticky":false,"template":"","format":"standard","meta":{"footnotes":""},"categories":[5,18],"tags":[],"class_list":["post-252","post","type-post","status-publish","format-standard","hentry","category-familien","category-vores-samfund"],"_links":{"self":[{"href":"http:\/\/www.syenlap.dk\/index.php?rest_route=\/wp\/v2\/posts\/252","targetHints":{"allow":["GET"]}}],"collection":[{"href":"http:\/\/www.syenlap.dk\/index.php?rest_route=\/wp\/v2\/posts"}],"about":[{"href":"http:\/\/www.syenlap.dk\/index.php?rest_route=\/wp\/v2\/types\/post"}],"author":[{"embeddable":true,"href":"http:\/\/www.syenlap.dk\/index.php?rest_route=\/wp\/v2\/users\/2"}],"replies":[{"embeddable":true,"href":"http:\/\/www.syenlap.dk\/index.php?rest_route=%2Fwp%2Fv2%2Fcomments&post=252"}],"version-history":[{"count":1,"href":"http:\/\/www.syenlap.dk\/index.php?rest_route=\/wp\/v2\/posts\/252\/revisions"}],"predecessor-version":[{"id":17460,"href":"http:\/\/www.syenlap.dk\/index.php?rest_route=\/wp\/v2\/posts\/252\/revisions\/17460"}],"wp:attachment":[{"href":"http:\/\/www.syenlap.dk\/index.php?rest_route=%2Fwp%2Fv2%2Fmedia&parent=252"}],"wp:term":[{"taxonomy":"category","embeddable":true,"href":"http:\/\/www.syenlap.dk\/index.php?rest_route=%2Fwp%2Fv2%2Fcategories&post=252"},{"taxonomy":"post_tag","embeddable":true,"href":"http:\/\/www.syenlap.dk\/index.php?rest_route=%2Fwp%2Fv2%2Ftags&post=252"}],"curies":[{"name":"wp","href":"https:\/\/api.w.org\/{rel}","templated":true}]}}