{"id":26376,"date":"2015-07-17T23:39:49","date_gmt":"2015-07-17T21:39:49","guid":{"rendered":"http:\/\/www.syenlap.dk\/?p=26376"},"modified":"2015-07-17T23:40:29","modified_gmt":"2015-07-17T21:40:29","slug":"4-del-af-hannes-sommer-dhu","status":"publish","type":"post","link":"http:\/\/www.syenlap.dk\/?p=26376","title":{"rendered":"4. del af HANNEs sommer DHU"},"content":{"rendered":"<p><a href=\"http:\/\/www.syenlap.dk\/wp-content\/uploads\/2015\/07\/del-4.jpg\" rel=\"lightbox[26376]\"><img loading=\"lazy\" decoding=\"async\" class=\"aligncenter size-full wp-image-26377\" src=\"http:\/\/www.syenlap.dk\/wp-content\/uploads\/2015\/07\/del-4.jpg\" alt=\"del 4\" width=\"800\" height=\"1191\" srcset=\"http:\/\/www.syenlap.dk\/wp-content\/uploads\/2015\/07\/del-4.jpg 800w, http:\/\/www.syenlap.dk\/wp-content\/uploads\/2015\/07\/del-4-202x300.jpg 202w, http:\/\/www.syenlap.dk\/wp-content\/uploads\/2015\/07\/del-4-688x1024.jpg 688w\" sizes=\"auto, (max-width: 800px) 100vw, 800px\" \/><\/a><\/p>\n<p>F\u00e6rdig med 4. del: nye dele tegnet, klippet, stof limet p\u00e5, samt x 2 syarbejde, hvor dele fra de foreg\u00e5ende 3 uger er syet sammen.<\/p>\n<p>Det er hyggeligt arbejde, men jeg undrer mig over, at der flere (set p\u00e5 Facebook-gruppen), der g\u00e5r helt galt i byen og laver for mange trekanter eller\u00a0deler trekanterne i stedet for firkanterne. For det er s\u00e5 tydeligt beskrevet og vist p\u00e5 <a href=\"http:\/\/hannesblog.dk\/\" target=\"_blank\">HANNEs blog<\/a> hver fredag. Man beh\u00f8ver slet ikke at v\u00e6re \u00f8vet for at kunne g\u00f8re det rigtigt.<\/p>\n<p>Det er beundringsv\u00e6rdigt, at Hanne i Vejerslev 2 x hvert \u00e5r arrangerer s\u00e5dan en leg med alle, der har lyst til at v\u00e6re med, og hun g\u00f8r sig utroligt umage med at lave m\u00f8nstrene s\u00e5dan, at der ikke burde v\u00e6re noget at tage fejl af. F.eks. har jeg lagt m\u00e6rke til, at hun ikke bruger &#8220;sk\u00e6ve&#8221; skabeloner, for hvis de bliver spejlvendt, s\u00e5 g\u00e5r det helt galt! Det er gennemt\u00e6nkt &#8211; men man skal alts\u00e5 l\u00e6se det, der st\u00e5r.<\/p>\n<p>&nbsp;<\/p>\n","protected":false},"excerpt":{"rendered":"<p>F\u00e6rdig med 4. del: nye dele tegnet, klippet, stof limet p\u00e5, samt x 2 syarbejde, hvor dele fra de foreg\u00e5ende 3 uger er syet sammen. Det er hyggeligt arbejde, men jeg undrer mig over, at der flere (set p\u00e5 Facebook-gruppen), &hellip; <a href=\"http:\/\/www.syenlap.dk\/?p=26376\">L\u00e6s resten <span class=\"meta-nav\">&rarr;<\/span><\/a><\/p>\n","protected":false},"author":2,"featured_media":0,"comment_status":"open","ping_status":"open","sticky":false,"template":"","format":"standard","meta":{"footnotes":""},"categories":[68,15],"tags":[],"class_list":["post-26376","post","type-post","status-publish","format-standard","hentry","category-de-sma-glaeder","category-patchwork"],"_links":{"self":[{"href":"http:\/\/www.syenlap.dk\/index.php?rest_route=\/wp\/v2\/posts\/26376","targetHints":{"allow":["GET"]}}],"collection":[{"href":"http:\/\/www.syenlap.dk\/index.php?rest_route=\/wp\/v2\/posts"}],"about":[{"href":"http:\/\/www.syenlap.dk\/index.php?rest_route=\/wp\/v2\/types\/post"}],"author":[{"embeddable":true,"href":"http:\/\/www.syenlap.dk\/index.php?rest_route=\/wp\/v2\/users\/2"}],"replies":[{"embeddable":true,"href":"http:\/\/www.syenlap.dk\/index.php?rest_route=%2Fwp%2Fv2%2Fcomments&post=26376"}],"version-history":[{"count":3,"href":"http:\/\/www.syenlap.dk\/index.php?rest_route=\/wp\/v2\/posts\/26376\/revisions"}],"predecessor-version":[{"id":26380,"href":"http:\/\/www.syenlap.dk\/index.php?rest_route=\/wp\/v2\/posts\/26376\/revisions\/26380"}],"wp:attachment":[{"href":"http:\/\/www.syenlap.dk\/index.php?rest_route=%2Fwp%2Fv2%2Fmedia&parent=26376"}],"wp:term":[{"taxonomy":"category","embeddable":true,"href":"http:\/\/www.syenlap.dk\/index.php?rest_route=%2Fwp%2Fv2%2Fcategories&post=26376"},{"taxonomy":"post_tag","embeddable":true,"href":"http:\/\/www.syenlap.dk\/index.php?rest_route=%2Fwp%2Fv2%2Ftags&post=26376"}],"curies":[{"name":"wp","href":"https:\/\/api.w.org\/{rel}","templated":true}]}}