{"id":26548,"date":"2015-08-10T15:57:38","date_gmt":"2015-08-10T13:57:38","guid":{"rendered":"http:\/\/www.syenlap.dk\/?p=26548"},"modified":"2015-08-10T15:57:38","modified_gmt":"2015-08-10T13:57:38","slug":"dejligt-paa-depotgaarden","status":"publish","type":"post","link":"http:\/\/www.syenlap.dk\/?p=26548","title":{"rendered":"Dejligt p\u00e5 Depotg\u00e5rden"},"content":{"rendered":"<p><a href=\"http:\/\/www.syenlap.dk\/wp-content\/uploads\/2015\/08\/annies-tumbler.jpg\" rel=\"lightbox[26548]\"><img loading=\"lazy\" decoding=\"async\" class=\"aligncenter size-full wp-image-26549\" src=\"http:\/\/www.syenlap.dk\/wp-content\/uploads\/2015\/08\/annies-tumbler.jpg\" alt=\"annies tumbler\" width=\"800\" height=\"868\" srcset=\"http:\/\/www.syenlap.dk\/wp-content\/uploads\/2015\/08\/annies-tumbler.jpg 800w, http:\/\/www.syenlap.dk\/wp-content\/uploads\/2015\/08\/annies-tumbler-276x300.jpg 276w\" sizes=\"auto, (max-width: 800px) 100vw, 800px\" \/><\/a><\/p>\n<p>Jaahh &#8211; det var dejligt at v\u00e6re p\u00e5 Depotg\u00e5rden igen efter ferien! Vi var ikke s\u00e5 mange i dag &#8211; og der var varmt! men det var hyggeligt &#8211; som altid!<\/p>\n<p>Og Annie har arbejdet under sin ferie i Provence, hvor hun har syet p\u00e5 et t\u00e6ppe til sin mand, til middagss\u00f8vn! En ny og sp\u00e6ndende m\u00e5de at bruge &#8220;Tumbler&#8221;-blokken p\u00e5, og virkelig fr\u00e6k og sp\u00e6ndende med de 2 r\u00e6kker p\u00e5 den anden led, som hun lagde op i dag p\u00e5 det lange bord, for at se det. S\u00e5 nu mangler hun kun lidt, s\u00e5 kan hun quilte det p\u00e5 Long-arm-maskinen.<\/p>\n<p>Der var lige ved at v\u00e6re panik pga samme maskine, for den gik i stykker f\u00f8r sommerferien, og den var ikke blevet repareret! Heldigvis kom mont\u00f8ren allerede i dag og fik den fixet.<\/p>\n<p>For der er k\u00f8 nu for at komme til at quilte t\u00e6pper, der ligger klar efter 6 ugers frav\u00e6r! Heldigvis n\u00e5ede Laila og jeg at sp\u00e6nde et puttet\u00e6ppe op, som hun vil quilte i morgen. Jeg gl\u00e6der mig til at se det p\u00e5 onsdag, for det er et meget smukt t\u00e6ppe, som er doneret til Projekt Puttet\u00e6pper.<\/p>\n<p>For en sikkerheds skyld har Laila nu booket maskine til de n\u00e6ste 2 tirsdage, s\u00e5 vi kan f\u00e5 quiltet flere af de flotte toppe, som jeg har modtaget! Nu skal der ske noget efter s\u00e5 lang tids pause &#8211; 6 uger &#8211; jeg tror, Laila har abstinenser \ud83d\ude09<\/p>\n","protected":false},"excerpt":{"rendered":"<p>Jaahh &#8211; det var dejligt at v\u00e6re p\u00e5 Depotg\u00e5rden igen efter ferien! Vi var ikke s\u00e5 mange i dag &#8211; og der var varmt! men det var hyggeligt &#8211; som altid! Og Annie har arbejdet under sin ferie i Provence, &hellip; <a href=\"http:\/\/www.syenlap.dk\/?p=26548\">L\u00e6s resten <span class=\"meta-nav\">&rarr;<\/span><\/a><\/p>\n","protected":false},"author":2,"featured_media":0,"comment_status":"open","ping_status":"open","sticky":false,"template":"","format":"standard","meta":{"footnotes":""},"categories":[15],"tags":[],"class_list":["post-26548","post","type-post","status-publish","format-standard","hentry","category-patchwork"],"_links":{"self":[{"href":"http:\/\/www.syenlap.dk\/index.php?rest_route=\/wp\/v2\/posts\/26548","targetHints":{"allow":["GET"]}}],"collection":[{"href":"http:\/\/www.syenlap.dk\/index.php?rest_route=\/wp\/v2\/posts"}],"about":[{"href":"http:\/\/www.syenlap.dk\/index.php?rest_route=\/wp\/v2\/types\/post"}],"author":[{"embeddable":true,"href":"http:\/\/www.syenlap.dk\/index.php?rest_route=\/wp\/v2\/users\/2"}],"replies":[{"embeddable":true,"href":"http:\/\/www.syenlap.dk\/index.php?rest_route=%2Fwp%2Fv2%2Fcomments&post=26548"}],"version-history":[{"count":1,"href":"http:\/\/www.syenlap.dk\/index.php?rest_route=\/wp\/v2\/posts\/26548\/revisions"}],"predecessor-version":[{"id":26550,"href":"http:\/\/www.syenlap.dk\/index.php?rest_route=\/wp\/v2\/posts\/26548\/revisions\/26550"}],"wp:attachment":[{"href":"http:\/\/www.syenlap.dk\/index.php?rest_route=%2Fwp%2Fv2%2Fmedia&parent=26548"}],"wp:term":[{"taxonomy":"category","embeddable":true,"href":"http:\/\/www.syenlap.dk\/index.php?rest_route=%2Fwp%2Fv2%2Fcategories&post=26548"},{"taxonomy":"post_tag","embeddable":true,"href":"http:\/\/www.syenlap.dk\/index.php?rest_route=%2Fwp%2Fv2%2Ftags&post=26548"}],"curies":[{"name":"wp","href":"https:\/\/api.w.org\/{rel}","templated":true}]}}