{"id":2721,"date":"2009-04-14T11:56:51","date_gmt":"2009-04-14T09:56:51","guid":{"rendered":"http:\/\/www.syenlap.dk\/?p=2721"},"modified":"2009-04-14T11:56:51","modified_gmt":"2009-04-14T09:56:51","slug":"det-kan-blive-for-sv%c3%a6rt","status":"publish","type":"post","link":"http:\/\/www.syenlap.dk\/?p=2721","title":{"rendered":"Det kan blive for sv\u00e6rt"},"content":{"rendered":"<p>Vi fik desv\u00e6rre en meget s\u00f8rgelig besked i g\u00e5r. S\u00f8rens f\u00e6tter, som han holdt meget af og har haft meget sammen med n\u00e6sten hele\u00a0 sit liv, har v\u00e6ret meget syg det sidste halve \u00e5r, og nu blev det for h\u00e5rdt for ham, s\u00e5 han gav op og d\u00f8de i g\u00e5r. Vi troede ellers, at de sidste 2 operationer havde hjulpet, men nej, han fik det d\u00e5rligt igen, og det klarede han ikke.<\/p>\n<p>Det er s\u00e5 frygtelig trist, og jeg kan godt m\u00e6rke p\u00e5 S\u00f8ren, at det har dumpet ham ned i et hul. F\u00e6tteren var et dejligt, lunt og hyggeligt menneske, han boede p\u00e5 deres f\u00e6lles farfars g\u00e5rd, som han af sjove genveje var blevet ejer af, og der var jo\u00a0mange gange \u00a0&#8220;husker du&#8221;, n\u00e5r vi var der og gik ture, hvor de havde leget som drenge.<\/p>\n<p>Men selv om det er sv\u00e6rt for hans familie, s\u00e5 \u00f8nskede han ikke et uv\u00e6rdigt liv, og vi vil mindes ham som et st\u00e6rkt menneske.<\/p>\n","protected":false},"excerpt":{"rendered":"<p>Vi fik desv\u00e6rre en meget s\u00f8rgelig besked i g\u00e5r. S\u00f8rens f\u00e6tter, som han holdt meget af og har haft meget sammen med n\u00e6sten hele\u00a0 sit liv, har v\u00e6ret meget syg det sidste halve \u00e5r, og nu blev det for h\u00e5rdt &hellip; <a href=\"http:\/\/www.syenlap.dk\/?p=2721\">L\u00e6s resten <span class=\"meta-nav\">&rarr;<\/span><\/a><\/p>\n","protected":false},"author":2,"featured_media":0,"comment_status":"open","ping_status":"open","sticky":false,"template":"","format":"standard","meta":{"footnotes":""},"categories":[1],"tags":[],"class_list":["post-2721","post","type-post","status-publish","format-standard","hentry","category-ikke-kategoriseret"],"_links":{"self":[{"href":"http:\/\/www.syenlap.dk\/index.php?rest_route=\/wp\/v2\/posts\/2721","targetHints":{"allow":["GET"]}}],"collection":[{"href":"http:\/\/www.syenlap.dk\/index.php?rest_route=\/wp\/v2\/posts"}],"about":[{"href":"http:\/\/www.syenlap.dk\/index.php?rest_route=\/wp\/v2\/types\/post"}],"author":[{"embeddable":true,"href":"http:\/\/www.syenlap.dk\/index.php?rest_route=\/wp\/v2\/users\/2"}],"replies":[{"embeddable":true,"href":"http:\/\/www.syenlap.dk\/index.php?rest_route=%2Fwp%2Fv2%2Fcomments&post=2721"}],"version-history":[{"count":0,"href":"http:\/\/www.syenlap.dk\/index.php?rest_route=\/wp\/v2\/posts\/2721\/revisions"}],"wp:attachment":[{"href":"http:\/\/www.syenlap.dk\/index.php?rest_route=%2Fwp%2Fv2%2Fmedia&parent=2721"}],"wp:term":[{"taxonomy":"category","embeddable":true,"href":"http:\/\/www.syenlap.dk\/index.php?rest_route=%2Fwp%2Fv2%2Fcategories&post=2721"},{"taxonomy":"post_tag","embeddable":true,"href":"http:\/\/www.syenlap.dk\/index.php?rest_route=%2Fwp%2Fv2%2Ftags&post=2721"}],"curies":[{"name":"wp","href":"https:\/\/api.w.org\/{rel}","templated":true}]}}