{"id":27289,"date":"2015-10-21T19:11:29","date_gmt":"2015-10-21T17:11:29","guid":{"rendered":"http:\/\/www.syenlap.dk\/?p=27289"},"modified":"2015-10-21T19:11:29","modified_gmt":"2015-10-21T17:11:29","slug":"depotgaarden-tekstilvaerkstedet-i-dag","status":"publish","type":"post","link":"http:\/\/www.syenlap.dk\/?p=27289","title":{"rendered":"Depotg\u00e5rden &#8211; Tekstilv\u00e6rkstedet i dag"},"content":{"rendered":"<p>Stor produktion i dag p\u00e5 Tekstilv\u00e6rkstedet!<\/p>\n<p><a href=\"http:\/\/www.syenlap.dk\/wp-content\/uploads\/2015\/10\/ingers-t\u00e6ppe-quiltet.jpg\" rel=\"lightbox[27289]\"><img loading=\"lazy\" decoding=\"async\" class=\"aligncenter size-full wp-image-27294\" src=\"http:\/\/www.syenlap.dk\/wp-content\/uploads\/2015\/10\/ingers-t\u00e6ppe-quiltet.jpg\" alt=\"ingers t\u00e6ppe quiltet\" width=\"800\" height=\"1109\" srcset=\"http:\/\/www.syenlap.dk\/wp-content\/uploads\/2015\/10\/ingers-t\u00e6ppe-quiltet.jpg 800w, http:\/\/www.syenlap.dk\/wp-content\/uploads\/2015\/10\/ingers-t\u00e6ppe-quiltet-216x300.jpg 216w, http:\/\/www.syenlap.dk\/wp-content\/uploads\/2015\/10\/ingers-t\u00e6ppe-quiltet-739x1024.jpg 739w\" sizes=\"auto, (max-width: 800px) 100vw, 800px\" \/><\/a><\/p>\n<p>Inger quiltede for f\u00f8rste (og ikke sidste) gang p\u00e5 den store long-arm-quiltemaskine! Det bliver et dejligt t\u00e6ppe, n\u00e5r der kommer lukkekant p\u00e5, sk\u00f8nne farver!<\/p>\n<p><a href=\"http:\/\/www.syenlap.dk\/wp-content\/uploads\/2015\/10\/gittes-puttet\u00e6ppe-2.jpg\" rel=\"lightbox[27289]\"><img loading=\"lazy\" decoding=\"async\" class=\"aligncenter size-full wp-image-27293\" src=\"http:\/\/www.syenlap.dk\/wp-content\/uploads\/2015\/10\/gittes-puttet\u00e6ppe-2.jpg\" alt=\"gittes puttet\u00e6ppe 2\" width=\"800\" height=\"1127\" srcset=\"http:\/\/www.syenlap.dk\/wp-content\/uploads\/2015\/10\/gittes-puttet\u00e6ppe-2.jpg 800w, http:\/\/www.syenlap.dk\/wp-content\/uploads\/2015\/10\/gittes-puttet\u00e6ppe-2-213x300.jpg 213w, http:\/\/www.syenlap.dk\/wp-content\/uploads\/2015\/10\/gittes-puttet\u00e6ppe-2-727x1024.jpg 727w\" sizes=\"auto, (max-width: 800px) 100vw, 800px\" \/><\/a><\/p>\n<p>Rutinerede Laila har quiltet 2 flotte puttet\u00e6pper, syet af Gitte i Farum og givet til Projekt Puttet\u00e6pper<\/p>\n<p><a href=\"http:\/\/www.syenlap.dk\/wp-content\/uploads\/2015\/10\/gittes-puttet\u00e6ppe-1.jpg\" rel=\"lightbox[27289]\"><img loading=\"lazy\" decoding=\"async\" class=\"aligncenter size-full wp-image-27292\" src=\"http:\/\/www.syenlap.dk\/wp-content\/uploads\/2015\/10\/gittes-puttet\u00e6ppe-1.jpg\" alt=\"gittes puttet\u00e6ppe 1\" width=\"800\" height=\"1024\" srcset=\"http:\/\/www.syenlap.dk\/wp-content\/uploads\/2015\/10\/gittes-puttet\u00e6ppe-1.jpg 800w, http:\/\/www.syenlap.dk\/wp-content\/uploads\/2015\/10\/gittes-puttet\u00e6ppe-1-234x300.jpg 234w\" sizes=\"auto, (max-width: 800px) 100vw, 800px\" \/><\/a><a href=\"http:\/\/www.syenlap.dk\/wp-content\/uploads\/2015\/10\/1510-aja-hermannsen.jpg\" rel=\"lightbox[27289]\"><img loading=\"lazy\" decoding=\"async\" class=\"aligncenter size-full wp-image-27291\" src=\"http:\/\/www.syenlap.dk\/wp-content\/uploads\/2015\/10\/1510-aja-hermannsen.jpg\" alt=\"1510 aja hermannsen\" width=\"800\" height=\"1038\" srcset=\"http:\/\/www.syenlap.dk\/wp-content\/uploads\/2015\/10\/1510-aja-hermannsen.jpg 800w, http:\/\/www.syenlap.dk\/wp-content\/uploads\/2015\/10\/1510-aja-hermannsen-231x300.jpg 231w, http:\/\/www.syenlap.dk\/wp-content\/uploads\/2015\/10\/1510-aja-hermannsen-789x1024.jpg 789w\" sizes=\"auto, (max-width: 800px) 100vw, 800px\" \/><\/a><\/p>\n<p>Aja er blevet helt f\u00e6rdig med sit puttet\u00e6ppe med Projekt Puttet\u00e6ppers \u00e5rsm\u00f8nster 2015 &#8220;M\u00f8llesti&#8221; &#8211; super flot!<\/p>\n<p><a href=\"http:\/\/www.syenlap.dk\/wp-content\/uploads\/2015\/10\/laila-br\u00f8ggers-eget-t\u00e6ppe.jpg\" rel=\"lightbox[27289]\"><img loading=\"lazy\" decoding=\"async\" class=\"aligncenter size-full wp-image-27295\" src=\"http:\/\/www.syenlap.dk\/wp-content\/uploads\/2015\/10\/laila-br\u00f8ggers-eget-t\u00e6ppe.jpg\" alt=\"laila br\u00f8ggers eget t\u00e6ppe\" width=\"800\" height=\"959\" srcset=\"http:\/\/www.syenlap.dk\/wp-content\/uploads\/2015\/10\/laila-br\u00f8ggers-eget-t\u00e6ppe.jpg 800w, http:\/\/www.syenlap.dk\/wp-content\/uploads\/2015\/10\/laila-br\u00f8ggers-eget-t\u00e6ppe-250x300.jpg 250w\" sizes=\"auto, (max-width: 800px) 100vw, 800px\" \/><\/a><\/p>\n<p>Og Laila blev ogs\u00e5 f\u00e6rdig med den afsluttende lukkekant p\u00e5 sit helt eget slumret\u00e6ppe! Hvor er de &#8220;flyvende g\u00e6s&#8221; flotte! De er syet som Paper-piecing \/ Stamps.<\/p>\n<p>Og nu har vi planlagt en ny f\u00e6lles patchwork aktivitet: p\u00e5 n\u00e6ste onsdag vil vi sy &#8220;T\u00e6rte-futter&#8221; ! Vi k\u00f8bte m\u00f8nster hos Den lille Lade p\u00e5 vores udflugt for 2 uger siden, og nu vil vi lave en workshop, hvor vi syr hver vores &#8220;futter&#8221;, som er underlag og grydelapper samtidig til at h\u00e5ndtere et ovnvarmt t\u00e6rtefad. Hvis det g\u00e5r godt, tror jeg, der er nogle familiemedlemmer, der f\u00e5r t\u00e6rte-futter i julegaver! \ud83d\ude09 De er go&#8217;e!<\/p>\n","protected":false},"excerpt":{"rendered":"<p>Stor produktion i dag p\u00e5 Tekstilv\u00e6rkstedet! Inger quiltede for f\u00f8rste (og ikke sidste) gang p\u00e5 den store long-arm-quiltemaskine! Det bliver et dejligt t\u00e6ppe, n\u00e5r der kommer lukkekant p\u00e5, sk\u00f8nne farver! Rutinerede Laila har quiltet 2 flotte puttet\u00e6pper, syet af Gitte &hellip; <a href=\"http:\/\/www.syenlap.dk\/?p=27289\">L\u00e6s resten <span class=\"meta-nav\">&rarr;<\/span><\/a><\/p>\n","protected":false},"author":2,"featured_media":0,"comment_status":"open","ping_status":"open","sticky":false,"template":"","format":"standard","meta":{"footnotes":""},"categories":[12,15],"tags":[],"class_list":["post-27289","post","type-post","status-publish","format-standard","hentry","category-oplevelser","category-patchwork"],"_links":{"self":[{"href":"http:\/\/www.syenlap.dk\/index.php?rest_route=\/wp\/v2\/posts\/27289","targetHints":{"allow":["GET"]}}],"collection":[{"href":"http:\/\/www.syenlap.dk\/index.php?rest_route=\/wp\/v2\/posts"}],"about":[{"href":"http:\/\/www.syenlap.dk\/index.php?rest_route=\/wp\/v2\/types\/post"}],"author":[{"embeddable":true,"href":"http:\/\/www.syenlap.dk\/index.php?rest_route=\/wp\/v2\/users\/2"}],"replies":[{"embeddable":true,"href":"http:\/\/www.syenlap.dk\/index.php?rest_route=%2Fwp%2Fv2%2Fcomments&post=27289"}],"version-history":[{"count":1,"href":"http:\/\/www.syenlap.dk\/index.php?rest_route=\/wp\/v2\/posts\/27289\/revisions"}],"predecessor-version":[{"id":27296,"href":"http:\/\/www.syenlap.dk\/index.php?rest_route=\/wp\/v2\/posts\/27289\/revisions\/27296"}],"wp:attachment":[{"href":"http:\/\/www.syenlap.dk\/index.php?rest_route=%2Fwp%2Fv2%2Fmedia&parent=27289"}],"wp:term":[{"taxonomy":"category","embeddable":true,"href":"http:\/\/www.syenlap.dk\/index.php?rest_route=%2Fwp%2Fv2%2Fcategories&post=27289"},{"taxonomy":"post_tag","embeddable":true,"href":"http:\/\/www.syenlap.dk\/index.php?rest_route=%2Fwp%2Fv2%2Ftags&post=27289"}],"curies":[{"name":"wp","href":"https:\/\/api.w.org\/{rel}","templated":true}]}}