{"id":27297,"date":"2015-10-22T12:55:14","date_gmt":"2015-10-22T10:55:14","guid":{"rendered":"http:\/\/www.syenlap.dk\/?p=27297"},"modified":"2015-10-22T12:55:14","modified_gmt":"2015-10-22T10:55:14","slug":"det-kribler","status":"publish","type":"post","link":"http:\/\/www.syenlap.dk\/?p=27297","title":{"rendered":"Det kribler!!!!"},"content":{"rendered":"<p><a href=\"http:\/\/www.syenlap.dk\/wp-content\/uploads\/2015\/10\/HF-ballerina-kit-r\u00f8d.jpg\" rel=\"lightbox[27297]\"><img loading=\"lazy\" decoding=\"async\" class=\"aligncenter size-full wp-image-27298\" src=\"http:\/\/www.syenlap.dk\/wp-content\/uploads\/2015\/10\/HF-ballerina-kit-r\u00f8d.jpg\" alt=\"HF ballerina kit r\u00f8d\" width=\"800\" height=\"961\" srcset=\"http:\/\/www.syenlap.dk\/wp-content\/uploads\/2015\/10\/HF-ballerina-kit-r\u00f8d.jpg 800w, http:\/\/www.syenlap.dk\/wp-content\/uploads\/2015\/10\/HF-ballerina-kit-r\u00f8d-250x300.jpg 250w\" sizes=\"auto, (max-width: 800px) 100vw, 800px\" \/><\/a><\/p>\n<p>\u00d8j hvor det kribler i fingrene! Jeg har lige lavet en sp\u00e6ndende byttehandel!<\/p>\n<p>Dette flotte strikkekit &#8220;Ballerina&#8221; fra Hanne Falkenberg i tomatr\u00f8d\/valmuer\u00f8d\/fuchsia\/cyklamen har jeg byttet mig til i stedet for en f\u00e6rdigstrikket tr\u00f8je &#8220;Patent&#8221; fra samme designer. Den var for stor til mig, s\u00e5 den l\u00e5 bare i skuffen. Jeg har fors\u00f8gt at s\u00e6lge den, men dette byt er helt perfekt!<\/p>\n<p>Og jeg har strikke Ballerina f\u00f8r, s\u00e5 jeg kan pr\u00f8ve p\u00e5 den undervejs, s\u00e5 den kommer til at passe. Jeg kan rigtig god lide modellen og farverne,\u00a0som ogs\u00e5 kan ses p\u00e5 forsiden af <a href=\"http:\/\/www.knit.dk\/\" target=\"_blank\">Hanne Falkenbergs hjemmeside<\/a>.<\/p>\n<p>Jeg gl\u00e6der mig til at strikke den!<\/p>\n","protected":false},"excerpt":{"rendered":"<p>\u00d8j hvor det kribler i fingrene! Jeg har lige lavet en sp\u00e6ndende byttehandel! Dette flotte strikkekit &#8220;Ballerina&#8221; fra Hanne Falkenberg i tomatr\u00f8d\/valmuer\u00f8d\/fuchsia\/cyklamen har jeg byttet mig til i stedet for en f\u00e6rdigstrikket tr\u00f8je &#8220;Patent&#8221; fra samme designer. Den var for &hellip; <a href=\"http:\/\/www.syenlap.dk\/?p=27297\">L\u00e6s resten <span class=\"meta-nav\">&rarr;<\/span><\/a><\/p>\n","protected":false},"author":2,"featured_media":0,"comment_status":"open","ping_status":"open","sticky":false,"template":"","format":"standard","meta":{"footnotes":""},"categories":[68,16],"tags":[],"class_list":["post-27297","post","type-post","status-publish","format-standard","hentry","category-de-sma-glaeder","category-strik"],"_links":{"self":[{"href":"http:\/\/www.syenlap.dk\/index.php?rest_route=\/wp\/v2\/posts\/27297","targetHints":{"allow":["GET"]}}],"collection":[{"href":"http:\/\/www.syenlap.dk\/index.php?rest_route=\/wp\/v2\/posts"}],"about":[{"href":"http:\/\/www.syenlap.dk\/index.php?rest_route=\/wp\/v2\/types\/post"}],"author":[{"embeddable":true,"href":"http:\/\/www.syenlap.dk\/index.php?rest_route=\/wp\/v2\/users\/2"}],"replies":[{"embeddable":true,"href":"http:\/\/www.syenlap.dk\/index.php?rest_route=%2Fwp%2Fv2%2Fcomments&post=27297"}],"version-history":[{"count":1,"href":"http:\/\/www.syenlap.dk\/index.php?rest_route=\/wp\/v2\/posts\/27297\/revisions"}],"predecessor-version":[{"id":27299,"href":"http:\/\/www.syenlap.dk\/index.php?rest_route=\/wp\/v2\/posts\/27297\/revisions\/27299"}],"wp:attachment":[{"href":"http:\/\/www.syenlap.dk\/index.php?rest_route=%2Fwp%2Fv2%2Fmedia&parent=27297"}],"wp:term":[{"taxonomy":"category","embeddable":true,"href":"http:\/\/www.syenlap.dk\/index.php?rest_route=%2Fwp%2Fv2%2Fcategories&post=27297"},{"taxonomy":"post_tag","embeddable":true,"href":"http:\/\/www.syenlap.dk\/index.php?rest_route=%2Fwp%2Fv2%2Ftags&post=27297"}],"curies":[{"name":"wp","href":"https:\/\/api.w.org\/{rel}","templated":true}]}}