{"id":273,"date":"2008-09-07T00:46:32","date_gmt":"2008-09-06T22:46:32","guid":{"rendered":"http:\/\/www.syenlap.dk\/?p=273"},"modified":"2008-09-07T00:46:32","modified_gmt":"2008-09-06T22:46:32","slug":"pa-stoffer-i-malm%c3%b8","status":"publish","type":"post","link":"http:\/\/www.syenlap.dk\/?p=273","title":{"rendered":"P\u00e5 Stoffer i Malm\u00f8"},"content":{"rendered":"<p><a href=\"http:\/\/www.syenlap.dk\/wp-content\/uploads\/2008\/09\/quilt-i-malmoe.jpg\" rel=\"lightbox[273]\"><\/a><\/p>\n<p><a href=\"http:\/\/www.syenlap.dk\/wp-content\/uploads\/2008\/09\/j-beyer-stoffer2.jpg\" rel=\"lightbox[273]\"><\/a><a href=\"http:\/\/www.syenlap.dk\/wp-content\/uploads\/2008\/09\/velkommen.jpg\" rel=\"lightbox[273]\"><\/a><\/p>\n<p><a href=\"http:\/\/www.syenlap.dk\/wp-content\/uploads\/2008\/09\/fernisering.jpg\" rel=\"lightbox[273]\"><\/a><a href=\"http:\/\/www.syenlap.dk\/wp-content\/uploads\/2008\/09\/fernisering-4.jpg\" rel=\"lightbox[273]\"><\/a>42 forventningsfulde quiltere fra Vitus Bering Quilterne i Horsens p\u00e5 stoffer i Malm\u00f8!<\/p>\n<div id=\"attachment_275\" style=\"width: 310px\" class=\"wp-caption alignright\"><a href=\"http:\/\/www.syenlap.dk\/wp-content\/uploads\/2008\/09\/oeresundsbroen1.jpg\" rel=\"lightbox[273]\"><img loading=\"lazy\" decoding=\"async\" aria-describedby=\"caption-attachment-275\" class=\"size-medium wp-image-275\" title=\"\u00d8resundsbroen\" src=\"http:\/\/www.syenlap.dk\/wp-content\/uploads\/2008\/09\/oeresundsbroen1-300x244.jpg\" alt=\"Ud p\u00e5 \u00d8resundsbroen\" width=\"300\" height=\"244\" \/><\/a><p id=\"caption-attachment-275\" class=\"wp-caption-text\">Ud p\u00e5 \u00d8resundsbroen<\/p><\/div>\n<p>\u00a0<\/p>\n<p>Den \u00e5rlige udflugt i bus, denne gang over 4 flotte broer: Vejlefjord, Lilleb\u00e6lt, Storeb\u00e6lt og endelig &#8211; for manges vedkommende for f\u00f8rste gang &#8211; \u00d8resund. Kedeligt vejr, gr\u00e5t og k\u00f8ligt kl. 7.00 ved start, men opklarende, s\u00e5 turen over \u00d8resund var meget smuk, og resten af dagen lunt og dejligt vejr.<\/p>\n<p>\u00a0<\/p>\n<div class=\"mceTemp\">\n<div id=\"attachment_276\" style=\"width: 460px\" class=\"wp-caption alignnone\"><a href=\"http:\/\/www.syenlap.dk\/wp-content\/uploads\/2008\/09\/oeresund.jpg\" rel=\"lightbox[273]\"><img loading=\"lazy\" decoding=\"async\" aria-describedby=\"caption-attachment-276\" class=\"size-full wp-image-276\" title=\"\u00d8resund\" src=\"http:\/\/www.syenlap.dk\/wp-content\/uploads\/2008\/09\/oeresund.jpg\" alt=\"\u00d8resund l\u00f8rdag morgen\" width=\"450\" height=\"338\" \/><\/a><p id=\"caption-attachment-276\" class=\"wp-caption-text\">\u00d8resund l\u00f8rdag morgen<\/p><\/div>\n<p>\u00a0<\/p><\/div>\n<div class=\"mceTemp\">\n<div id=\"attachment_281\" style=\"width: 310px\" class=\"wp-caption alignright\"><a href=\"http:\/\/www.syenlap.dk\/wp-content\/uploads\/2008\/09\/quilt-i-malmoe1.jpg\" rel=\"lightbox[273]\"><img loading=\"lazy\" decoding=\"async\" aria-describedby=\"caption-attachment-281\" class=\"size-medium wp-image-281\" title=\"Quiltameva\" src=\"http:\/\/www.syenlap.dk\/wp-content\/uploads\/2008\/09\/quilt-i-malmoe1-300x250.jpg\" alt=\"Quiltameva i Malm\u00f8\" width=\"300\" height=\"250\" \/><\/a><p id=\"caption-attachment-281\" class=\"wp-caption-text\">Quiltameva i Malm\u00f8<\/p><\/div>\n<\/div>\n<div class=\"mceTemp\">Chauff\u00f8ren fandt usvigeligt sikkert frem til <a href=\"http:\/\/www.quilta.nu\/\" target=\"_blank\">Quiltameva F\u00e4rg og Form<\/a>, som l\u00e5 i et ikke sp\u00e6ndende industrikvarter &#8211; men sikke en butik! Hold da op! Der var meget at kigge p\u00e5 &#8211; utroligt flotte stoffer, mange fine m\u00f8nstre og modeller, fristende.<\/div>\n<div class=\"mceTemp\"><a href=\"http:\/\/www.syenlap.dk\/wp-content\/uploads\/2008\/09\/quilt-i-malmoe.jpg\" rel=\"lightbox[273]\"><\/a><\/div>\n<div>Et helt afsnit med Jennye Beyer stoffer.<\/div>\n<div>\n<div id=\"attachment_285\" style=\"width: 460px\" class=\"wp-caption alignnone\"><a href=\"http:\/\/www.syenlap.dk\/wp-content\/uploads\/2008\/09\/j-beyer-stoffer3.jpg\" rel=\"lightbox[273]\"><img loading=\"lazy\" decoding=\"async\" aria-describedby=\"caption-attachment-285\" class=\"size-full wp-image-285\" title=\"stof\" src=\"http:\/\/www.syenlap.dk\/wp-content\/uploads\/2008\/09\/j-beyer-stoffer3.jpg\" alt=\"Jenny Beyer stoffer\" width=\"450\" height=\"332\" \/><\/a><p id=\"caption-attachment-285\" class=\"wp-caption-text\">Jenny Beyer stoffer<\/p><\/div>\n<div id=\"attachment_287\" style=\"width: 310px\" class=\"wp-caption alignright\"><a href=\"http:\/\/www.syenlap.dk\/wp-content\/uploads\/2008\/09\/koncentration.jpg\" rel=\"lightbox[273]\"><img loading=\"lazy\" decoding=\"async\" aria-describedby=\"caption-attachment-287\" class=\"size-medium wp-image-287\" title=\"Koncentration\" src=\"http:\/\/www.syenlap.dk\/wp-content\/uploads\/2008\/09\/koncentration-300x272.jpg\" alt=\"Hvad kan vi ikke undv\u00e6re?\" width=\"300\" height=\"272\" \/><\/a><p id=\"caption-attachment-287\" class=\"wp-caption-text\">Hvad kan vi ikke undv\u00e6re?<\/p><\/div>\n<p>\u00a0<\/p>\n<p>\u00a0<\/p>\n<p>\u00a0<\/p>\n<p>\u00a0<\/p>\n<p>\u00a0<\/p>\n<p>\u00a0<\/p>\n<p>\u00a0<\/p>\n<p>\u00a0<\/p>\n<p>\u00a0<\/p>\n<p>Flotte eksempler p\u00e5, hvad man kan lave p\u00e5 fremtidige kurser<\/p>\n<p><a href=\"http:\/\/www.syenlap.dk\/wp-content\/uploads\/2008\/09\/inspiration-2.jpg\" rel=\"lightbox[273]\"><img loading=\"lazy\" decoding=\"async\" class=\"alignleft size-medium wp-image-289\" title=\"inspiration-2\" src=\"http:\/\/www.syenlap.dk\/wp-content\/uploads\/2008\/09\/inspiration-2-287x300.jpg\" alt=\"\" width=\"287\" height=\"300\" \/><\/a><a href=\"http:\/\/www.syenlap.dk\/wp-content\/uploads\/2008\/09\/inspiration.jpg\" rel=\"lightbox[273]\"><img loading=\"lazy\" decoding=\"async\" class=\"alignright size-medium wp-image-290\" title=\"inspiration\" src=\"http:\/\/www.syenlap.dk\/wp-content\/uploads\/2008\/09\/inspiration-220x300.jpg\" alt=\"\" width=\"220\" height=\"300\" \/><\/a><\/p>\n<p>\u00a0<\/p>\n<p>\u00a0<\/p>\n<p>\u00a0<\/p>\n<p>\u00a0<\/p>\n<p>\u00a0<\/p>\n<p>\u00a0<\/p>\n<p>\u00a0<\/p>\n<p>\u00a0<\/p>\n<p>\u00a0<\/p>\n<p>Eneste kritiske punkt: s\u00f8d og hj\u00e6lpsom betjening, men for f\u00e5 til at ekspedere og kun 1 kasse, s\u00e5 k\u00f8en var lang! De er nok ikke vant til s\u00e5dan en k\u00f8belysten flok danskere!<\/p>\n<p>Derefter superl\u00e6kker frokost i en lille caf\u00e9 &#8211; men ikke tid til det planlagte bes\u00f8g i &#8220;Slottr\u00e4dgarten&#8221; (det var det med k\u00f8en!) udstillingshave.<\/p>\n<p>Men s\u00e5 kom overraskelsen (selv for planl\u00e6ggerne!), nemlig bes\u00f8get i Galleriet &#8211; <a href=\"http:\/\/www.imagering.se\/\" target=\"_blank\">ImageRing<\/a>.<br \/>\nBussen holdt foran et lille galleri, hvordan skulle vi kunne v\u00e6re derinde alle 42?<br \/>\nVi vidste, at der var fernisering p\u00e5 Solveig Refslunds tekstilbilleder, og at der var en lille butik ogs\u00e5.<br \/>\nMen det viste sig, at der var en stor k\u00e6lder med masser af stoffer og meget andet i tilgift. S\u00e5 begejstringen var stor.<\/p>\n<p>\u00a0<a href=\"http:\/\/www.syenlap.dk\/wp-content\/uploads\/2008\/09\/velkommen.jpg\" rel=\"lightbox[273]\"><img loading=\"lazy\" decoding=\"async\" class=\"alignleft size-medium wp-image-292\" title=\"velkommen\" src=\"http:\/\/www.syenlap.dk\/wp-content\/uploads\/2008\/09\/velkommen-300x228.jpg\" alt=\"\" width=\"300\" height=\"228\" \/><\/a>Vi blev budt hjerteligt velkomne med l\u00e6kkerier, og s\u00e5 var det bare om at nyde b\u00e5de Solveig Refslunds billeder og alle de smukke stoffer.<\/p>\n<p>\u00a0<\/p>\n<p>\u00a0<\/p>\n<p>\u00a0<\/p>\n<p>\u00a0<\/p>\n<p>\u00a0<\/p>\n<p>\u00a0<\/p>\n<p>\u00a0<a href=\"http:\/\/www.syenlap.dk\/wp-content\/uploads\/2008\/09\/fernisering.jpg\" rel=\"lightbox[273]\"><img loading=\"lazy\" decoding=\"async\" class=\"size-full wp-image-294\" title=\"fernisering\" src=\"http:\/\/www.syenlap.dk\/wp-content\/uploads\/2008\/09\/fernisering.jpg\" alt=\"Solveig Refslund\" width=\"450\" height=\"398\" \/><\/a><\/p>\n<p>\u00a0<a href=\"http:\/\/www.syenlap.dk\/wp-content\/uploads\/2008\/09\/fernisering-2.jpg\" rel=\"lightbox[273]\"><img loading=\"lazy\" decoding=\"async\" class=\"alignleft size-medium wp-image-296\" title=\"fernisering\" src=\"http:\/\/www.syenlap.dk\/wp-content\/uploads\/2008\/09\/fernisering-2-300x212.jpg\" alt=\"\" width=\"300\" height=\"212\" \/><\/a><a href=\"http:\/\/www.syenlap.dk\/wp-content\/uploads\/2008\/09\/fernisering-4.jpg\" rel=\"lightbox[273]\"><img loading=\"lazy\" decoding=\"async\" class=\"alignright size-medium wp-image-298\" title=\"fernisering\" src=\"http:\/\/www.syenlap.dk\/wp-content\/uploads\/2008\/09\/fernisering-4-300x231.jpg\" alt=\"\" width=\"300\" height=\"231\" \/><\/a><\/p>\n<p>\u00a0<\/p>\n<p>\u00a0<\/p>\n<p>\u00a0<\/p>\n<p>\u00a0<\/p>\n<p>\u00a0<\/p>\n<p>\u00a0<\/p>\n<p>\u00a0<\/p>\n<p><a href=\"http:\/\/www.syenlap.dk\/wp-content\/uploads\/2008\/09\/farver.jpg\" rel=\"lightbox[273]\"><img loading=\"lazy\" decoding=\"async\" class=\"aligncenter size-full wp-image-299\" title=\"farver\" src=\"http:\/\/www.syenlap.dk\/wp-content\/uploads\/2008\/09\/farver.jpg\" alt=\"\" width=\"450\" height=\"365\" \/><\/a><\/div>\n<p>\u00a0<\/p>\n<p>Men man kan ogs\u00e5 godt blive tr\u00e6t midt i alle herlighederne!<\/p>\n<p>Det var en sk\u00f8n dag. I bussen gik alle de indk\u00f8bte b\u00f8ger p\u00e5 omgang og blev grundigt studeret, og forbavsende hurtigt var vi hjemme i Horsens igen kl. 20.30.<\/p>\n<p>Tak for turen til bestyrelsen og chauff\u00f8ren, som undskyldte &#8220;saunaen&#8221; i bagenden af bussen, hvor ventilationen ikke virkede! Vi overlevede og havde en dejlig tur.<\/p>\n","protected":false},"excerpt":{"rendered":"<p>42 forventningsfulde quiltere fra Vitus Bering Quilterne i Horsens p\u00e5 stoffer i Malm\u00f8! \u00a0 Den \u00e5rlige udflugt i bus, denne gang over 4 flotte broer: Vejlefjord, Lilleb\u00e6lt, Storeb\u00e6lt og endelig &#8211; for manges vedkommende for f\u00f8rste gang &#8211; \u00d8resund. Kedeligt &hellip; <a href=\"http:\/\/www.syenlap.dk\/?p=273\">L\u00e6s resten <span class=\"meta-nav\">&rarr;<\/span><\/a><\/p>\n","protected":false},"author":2,"featured_media":0,"comment_status":"open","ping_status":"open","sticky":false,"template":"","format":"standard","meta":{"footnotes":""},"categories":[12,15],"tags":[63],"class_list":["post-273","post","type-post","status-publish","format-standard","hentry","category-oplevelser","category-patchwork","tag-vitus-bering-quilterne"],"_links":{"self":[{"href":"http:\/\/www.syenlap.dk\/index.php?rest_route=\/wp\/v2\/posts\/273","targetHints":{"allow":["GET"]}}],"collection":[{"href":"http:\/\/www.syenlap.dk\/index.php?rest_route=\/wp\/v2\/posts"}],"about":[{"href":"http:\/\/www.syenlap.dk\/index.php?rest_route=\/wp\/v2\/types\/post"}],"author":[{"embeddable":true,"href":"http:\/\/www.syenlap.dk\/index.php?rest_route=\/wp\/v2\/users\/2"}],"replies":[{"embeddable":true,"href":"http:\/\/www.syenlap.dk\/index.php?rest_route=%2Fwp%2Fv2%2Fcomments&post=273"}],"version-history":[{"count":0,"href":"http:\/\/www.syenlap.dk\/index.php?rest_route=\/wp\/v2\/posts\/273\/revisions"}],"wp:attachment":[{"href":"http:\/\/www.syenlap.dk\/index.php?rest_route=%2Fwp%2Fv2%2Fmedia&parent=273"}],"wp:term":[{"taxonomy":"category","embeddable":true,"href":"http:\/\/www.syenlap.dk\/index.php?rest_route=%2Fwp%2Fv2%2Fcategories&post=273"},{"taxonomy":"post_tag","embeddable":true,"href":"http:\/\/www.syenlap.dk\/index.php?rest_route=%2Fwp%2Fv2%2Ftags&post=273"}],"curies":[{"name":"wp","href":"https:\/\/api.w.org\/{rel}","templated":true}]}}