{"id":27300,"date":"2015-10-23T12:54:50","date_gmt":"2015-10-23T10:54:50","guid":{"rendered":"http:\/\/www.syenlap.dk\/?p=27300"},"modified":"2015-10-23T12:55:37","modified_gmt":"2015-10-23T10:55:37","slug":"kreative-dage-i-fredericia","status":"publish","type":"post","link":"http:\/\/www.syenlap.dk\/?p=27300","title":{"rendered":"Kreative dage i Fredericia"},"content":{"rendered":"<p>Jeg var p\u00e5 en hurtig visit i morges p\u00e5 den stand, som Dansk Patchwork Forening har p\u00e5 Kreative dage i Fredericia. Jeg havde lovet at hj\u00e6lpe med et t\u00e6ppe til at pynte op med &#8211; kun \u00e9t, havde de bedt om. Men jeg \u00e6rgrede mig over, at jeg ikke havde taget flere med, for det s\u00e5 da for tomt ud &#8211; s\u00e5 jeg kunne lige n\u00e5 at k\u00f8re hjem og hente nogle flere! Det pyntede &#8211; og jeg tror ogs\u00e5 godt, de kunne se det. For selv om det er en beskeden stand, s\u00e5 m\u00e5 der jo godt v\u00e6re noget at kigge p\u00e5!<\/p>\n<p>Der kom et hold lokale patchworkere, som sidder der i dag og syr, og s\u00e5 vidt jeg har forst\u00e5et, kommer der andre l\u00f8rdag og s\u00f8ndag.<\/p>\n<p>S\u00f8ndag deltager jeg, hvor jeg vil demonstrere japansk foldeteknik.<\/p>\n<p>Det er godt nok en k\u00e6mpe stor messe med alt muligt til kreative sysler &#8211; man skal have god tid for at se det hele. Flot!<\/p>\n","protected":false},"excerpt":{"rendered":"<p>Jeg var p\u00e5 en hurtig visit i morges p\u00e5 den stand, som Dansk Patchwork Forening har p\u00e5 Kreative dage i Fredericia. Jeg havde lovet at hj\u00e6lpe med et t\u00e6ppe til at pynte op med &#8211; kun \u00e9t, havde de bedt &hellip; <a href=\"http:\/\/www.syenlap.dk\/?p=27300\">L\u00e6s resten <span class=\"meta-nav\">&rarr;<\/span><\/a><\/p>\n","protected":false},"author":2,"featured_media":0,"comment_status":"open","ping_status":"open","sticky":false,"template":"","format":"standard","meta":{"footnotes":""},"categories":[14,15],"tags":[],"class_list":["post-27300","post","type-post","status-publish","format-standard","hentry","category-opskrifter","category-patchwork"],"_links":{"self":[{"href":"http:\/\/www.syenlap.dk\/index.php?rest_route=\/wp\/v2\/posts\/27300","targetHints":{"allow":["GET"]}}],"collection":[{"href":"http:\/\/www.syenlap.dk\/index.php?rest_route=\/wp\/v2\/posts"}],"about":[{"href":"http:\/\/www.syenlap.dk\/index.php?rest_route=\/wp\/v2\/types\/post"}],"author":[{"embeddable":true,"href":"http:\/\/www.syenlap.dk\/index.php?rest_route=\/wp\/v2\/users\/2"}],"replies":[{"embeddable":true,"href":"http:\/\/www.syenlap.dk\/index.php?rest_route=%2Fwp%2Fv2%2Fcomments&post=27300"}],"version-history":[{"count":2,"href":"http:\/\/www.syenlap.dk\/index.php?rest_route=\/wp\/v2\/posts\/27300\/revisions"}],"predecessor-version":[{"id":27302,"href":"http:\/\/www.syenlap.dk\/index.php?rest_route=\/wp\/v2\/posts\/27300\/revisions\/27302"}],"wp:attachment":[{"href":"http:\/\/www.syenlap.dk\/index.php?rest_route=%2Fwp%2Fv2%2Fmedia&parent=27300"}],"wp:term":[{"taxonomy":"category","embeddable":true,"href":"http:\/\/www.syenlap.dk\/index.php?rest_route=%2Fwp%2Fv2%2Fcategories&post=27300"},{"taxonomy":"post_tag","embeddable":true,"href":"http:\/\/www.syenlap.dk\/index.php?rest_route=%2Fwp%2Fv2%2Ftags&post=27300"}],"curies":[{"name":"wp","href":"https:\/\/api.w.org\/{rel}","templated":true}]}}