{"id":27303,"date":"2015-10-23T19:17:29","date_gmt":"2015-10-23T17:17:29","guid":{"rendered":"http:\/\/www.syenlap.dk\/?p=27303"},"modified":"2015-10-23T19:17:29","modified_gmt":"2015-10-23T17:17:29","slug":"workshop-i-quilt-as-you-go","status":"publish","type":"post","link":"http:\/\/www.syenlap.dk\/?p=27303","title":{"rendered":"Workshop i Quilt-as-you-go"},"content":{"rendered":"<p>S\u00e5 har jeg n\u00e6sten pakket til i morgen, hvor jeg k\u00f8rer til Thors\u00f8 og holder workshop el. kursus for nogle af Freja Quilterne. Jeg har ladet mig fort\u00e6lle fra p\u00e5lidelig kilde (!), at de gl\u00e6der sig meget, s\u00e5 jeg m\u00e5 h\u00e5be, at jeg lever op til deres forventninger!<\/p>\n<p>Men der skal noget af en oppakning til, for jeg skal jo vise dem, hvordan! S\u00e5 der skal b\u00e5de symaskine, sk\u00e6regrej, stof og vat med &#8211; foruden de blokke, der er mere eller mindre syet f\u00e6rdige.<\/p>\n<p>Jeg kan godt lide den teknik, og jeg kan godt lide at l\u00e6re den videre!<\/p>\n<p><a href=\"http:\/\/www.syenlap.dk\/?p=17387\" target=\"_blank\">HER<\/a> er nogle flotte t\u00e6pper syet af min l\u00e6remester, Birgith, med den teknik.<\/p>\n<p>Og her er det sidste, jeg selv har syet med samme teknik:<\/p>\n<p><a href=\"http:\/\/www.syenlap.dk\/wp-content\/uploads\/2015\/10\/Ebbes-konfirmationst\u00e6ppe-800-detail.jpg\" rel=\"lightbox[27303]\"><img loading=\"lazy\" decoding=\"async\" class=\"aligncenter size-full wp-image-27304\" src=\"http:\/\/www.syenlap.dk\/wp-content\/uploads\/2015\/10\/Ebbes-konfirmationst\u00e6ppe-800-detail.jpg\" alt=\"Ebbes konfirmationst\u00e6ppe 800 detail\" width=\"800\" height=\"793\" srcset=\"http:\/\/www.syenlap.dk\/wp-content\/uploads\/2015\/10\/Ebbes-konfirmationst\u00e6ppe-800-detail.jpg 800w, http:\/\/www.syenlap.dk\/wp-content\/uploads\/2015\/10\/Ebbes-konfirmationst\u00e6ppe-800-detail-150x150.jpg 150w, http:\/\/www.syenlap.dk\/wp-content\/uploads\/2015\/10\/Ebbes-konfirmationst\u00e6ppe-800-detail-300x297.jpg 300w, http:\/\/www.syenlap.dk\/wp-content\/uploads\/2015\/10\/Ebbes-konfirmationst\u00e6ppe-800-detail-303x300.jpg 303w\" sizes=\"auto, (max-width: 800px) 100vw, 800px\" \/><\/a> <a href=\"http:\/\/www.syenlap.dk\/wp-content\/uploads\/2015\/10\/Ebbes-konfirmationst\u00e6ppe-800.jpg\" rel=\"lightbox[27303]\"><img loading=\"lazy\" decoding=\"async\" class=\"aligncenter size-full wp-image-27305\" src=\"http:\/\/www.syenlap.dk\/wp-content\/uploads\/2015\/10\/Ebbes-konfirmationst\u00e6ppe-800.jpg\" alt=\"Ebbes konfirmationst\u00e6ppe 800\" width=\"800\" height=\"947\" srcset=\"http:\/\/www.syenlap.dk\/wp-content\/uploads\/2015\/10\/Ebbes-konfirmationst\u00e6ppe-800.jpg 800w, http:\/\/www.syenlap.dk\/wp-content\/uploads\/2015\/10\/Ebbes-konfirmationst\u00e6ppe-800-253x300.jpg 253w\" sizes=\"auto, (max-width: 800px) 100vw, 800px\" \/><\/a><\/p>\n","protected":false},"excerpt":{"rendered":"<p>S\u00e5 har jeg n\u00e6sten pakket til i morgen, hvor jeg k\u00f8rer til Thors\u00f8 og holder workshop el. kursus for nogle af Freja Quilterne. Jeg har ladet mig fort\u00e6lle fra p\u00e5lidelig kilde (!), at de gl\u00e6der sig meget, s\u00e5 jeg m\u00e5 &hellip; <a href=\"http:\/\/www.syenlap.dk\/?p=27303\">L\u00e6s resten <span class=\"meta-nav\">&rarr;<\/span><\/a><\/p>\n","protected":false},"author":2,"featured_media":0,"comment_status":"open","ping_status":"open","sticky":false,"template":"","format":"standard","meta":{"footnotes":""},"categories":[15],"tags":[],"class_list":["post-27303","post","type-post","status-publish","format-standard","hentry","category-patchwork"],"_links":{"self":[{"href":"http:\/\/www.syenlap.dk\/index.php?rest_route=\/wp\/v2\/posts\/27303","targetHints":{"allow":["GET"]}}],"collection":[{"href":"http:\/\/www.syenlap.dk\/index.php?rest_route=\/wp\/v2\/posts"}],"about":[{"href":"http:\/\/www.syenlap.dk\/index.php?rest_route=\/wp\/v2\/types\/post"}],"author":[{"embeddable":true,"href":"http:\/\/www.syenlap.dk\/index.php?rest_route=\/wp\/v2\/users\/2"}],"replies":[{"embeddable":true,"href":"http:\/\/www.syenlap.dk\/index.php?rest_route=%2Fwp%2Fv2%2Fcomments&post=27303"}],"version-history":[{"count":1,"href":"http:\/\/www.syenlap.dk\/index.php?rest_route=\/wp\/v2\/posts\/27303\/revisions"}],"predecessor-version":[{"id":27306,"href":"http:\/\/www.syenlap.dk\/index.php?rest_route=\/wp\/v2\/posts\/27303\/revisions\/27306"}],"wp:attachment":[{"href":"http:\/\/www.syenlap.dk\/index.php?rest_route=%2Fwp%2Fv2%2Fmedia&parent=27303"}],"wp:term":[{"taxonomy":"category","embeddable":true,"href":"http:\/\/www.syenlap.dk\/index.php?rest_route=%2Fwp%2Fv2%2Fcategories&post=27303"},{"taxonomy":"post_tag","embeddable":true,"href":"http:\/\/www.syenlap.dk\/index.php?rest_route=%2Fwp%2Fv2%2Ftags&post=27303"}],"curies":[{"name":"wp","href":"https:\/\/api.w.org\/{rel}","templated":true}]}}