{"id":27310,"date":"2015-10-24T22:52:20","date_gmt":"2015-10-24T20:52:20","guid":{"rendered":"http:\/\/www.syenlap.dk\/?p=27310"},"modified":"2015-10-25T00:28:49","modified_gmt":"2015-10-24T22:28:49","slug":"dejlig-dag-med-interesserede-quiltere","status":"publish","type":"post","link":"http:\/\/www.syenlap.dk\/?p=27310","title":{"rendered":"Dejlig dag med interesserede quiltere.."},"content":{"rendered":"<p>..i Thors\u00f8, hvor jeg var inviteret af Freja Quilterne til at holde workshop i &#8220;Fix &amp; f\u00e6rdig&#8221; eller &#8220;Quilt-as-you-go&#8221; (det er det samme), hvor man quilter blokkene hver for sig og syr dem sammen med smalle strimler p\u00e5 for- og bagside samtidig &#8211; og s\u00e5 er t\u00e6ppet f\u00e6rdigt!<\/p>\n<p><a href=\"http:\/\/www.syenlap.dk\/wp-content\/uploads\/2015\/10\/freja-fixf\u00e6rdig.jpg\" rel=\"lightbox[27310]\"><img loading=\"lazy\" decoding=\"async\" class=\"aligncenter size-full wp-image-27323\" src=\"http:\/\/www.syenlap.dk\/wp-content\/uploads\/2015\/10\/freja-fixf\u00e6rdig.jpg\" alt=\"freja fix&amp;f\u00e6rdig\" width=\"800\" height=\"429\" srcset=\"http:\/\/www.syenlap.dk\/wp-content\/uploads\/2015\/10\/freja-fixf\u00e6rdig.jpg 800w, http:\/\/www.syenlap.dk\/wp-content\/uploads\/2015\/10\/freja-fixf\u00e6rdig-300x161.jpg 300w, http:\/\/www.syenlap.dk\/wp-content\/uploads\/2015\/10\/freja-fixf\u00e6rdig-500x268.jpg 500w\" sizes=\"auto, (max-width: 800px) 100vw, 800px\" \/><\/a><\/p>\n<p>De har et dejligt lokale p\u00e5 et plejecenter, hvor der var god plads til alle symaskiner, sk\u00e6replader og strygebr\u00e6dter.<\/p>\n<p><a href=\"http:\/\/www.syenlap.dk\/wp-content\/uploads\/2015\/10\/freja-fixf\u00e6rdig-5.jpg\" rel=\"lightbox[27310]\"><img loading=\"lazy\" decoding=\"async\" class=\"aligncenter size-full wp-image-27314\" src=\"http:\/\/www.syenlap.dk\/wp-content\/uploads\/2015\/10\/freja-fixf\u00e6rdig-5.jpg\" alt=\"freja fix&amp;f\u00e6rdig 5\" width=\"600\" height=\"487\" srcset=\"http:\/\/www.syenlap.dk\/wp-content\/uploads\/2015\/10\/freja-fixf\u00e6rdig-5.jpg 600w, http:\/\/www.syenlap.dk\/wp-content\/uploads\/2015\/10\/freja-fixf\u00e6rdig-5-300x244.jpg 300w, http:\/\/www.syenlap.dk\/wp-content\/uploads\/2015\/10\/freja-fixf\u00e6rdig-5-370x300.jpg 370w\" sizes=\"auto, (max-width: 600px) 100vw, 600px\" \/><\/a><\/p>\n<p><a href=\"http:\/\/www.syenlap.dk\/wp-content\/uploads\/2015\/10\/freja-fixf\u00e6rdig-6.jpg\" rel=\"lightbox[27310]\"><img loading=\"lazy\" decoding=\"async\" class=\"aligncenter size-full wp-image-27315\" src=\"http:\/\/www.syenlap.dk\/wp-content\/uploads\/2015\/10\/freja-fixf\u00e6rdig-6.jpg\" alt=\"freja fix&amp;f\u00e6rdig 6\" width=\"600\" height=\"404\" srcset=\"http:\/\/www.syenlap.dk\/wp-content\/uploads\/2015\/10\/freja-fixf\u00e6rdig-6.jpg 600w, http:\/\/www.syenlap.dk\/wp-content\/uploads\/2015\/10\/freja-fixf\u00e6rdig-6-300x202.jpg 300w, http:\/\/www.syenlap.dk\/wp-content\/uploads\/2015\/10\/freja-fixf\u00e6rdig-6-446x300.jpg 446w\" sizes=\"auto, (max-width: 600px) 100vw, 600px\" \/><\/a><\/p>\n<p>De havde hver for sig forberedt blokke hjemmefra efter en forudg\u00e5ende vejledning, s\u00e5 vi kunne g\u00e5 lige til den specielle teknik.<\/p>\n<p><a href=\"http:\/\/www.syenlap.dk\/wp-content\/uploads\/2015\/10\/freja-fixf\u00e6rdig-7.jpg\" rel=\"lightbox[27310]\"><img loading=\"lazy\" decoding=\"async\" class=\"aligncenter size-full wp-image-27316\" src=\"http:\/\/www.syenlap.dk\/wp-content\/uploads\/2015\/10\/freja-fixf\u00e6rdig-7.jpg\" alt=\"freja fix&amp;f\u00e6rdig 7\" width=\"600\" height=\"654\" srcset=\"http:\/\/www.syenlap.dk\/wp-content\/uploads\/2015\/10\/freja-fixf\u00e6rdig-7.jpg 600w, http:\/\/www.syenlap.dk\/wp-content\/uploads\/2015\/10\/freja-fixf\u00e6rdig-7-275x300.jpg 275w\" sizes=\"auto, (max-width: 600px) 100vw, 600px\" \/><\/a><\/p>\n<p>Der var mange s\u00f8de, sjove og fine blokke, som f\u00f8rst blev quiltet..<\/p>\n<p><a href=\"http:\/\/www.syenlap.dk\/wp-content\/uploads\/2015\/10\/freja-fixf\u00e6rdig-8.jpg\" rel=\"lightbox[27310]\"><img loading=\"lazy\" decoding=\"async\" class=\"aligncenter size-full wp-image-27317\" src=\"http:\/\/www.syenlap.dk\/wp-content\/uploads\/2015\/10\/freja-fixf\u00e6rdig-8.jpg\" alt=\"freja fix&amp;f\u00e6rdig 8\" width=\"600\" height=\"375\" srcset=\"http:\/\/www.syenlap.dk\/wp-content\/uploads\/2015\/10\/freja-fixf\u00e6rdig-8.jpg 600w, http:\/\/www.syenlap.dk\/wp-content\/uploads\/2015\/10\/freja-fixf\u00e6rdig-8-300x188.jpg 300w, http:\/\/www.syenlap.dk\/wp-content\/uploads\/2015\/10\/freja-fixf\u00e6rdig-8-480x300.jpg 480w\" sizes=\"auto, (max-width: 600px) 100vw, 600px\" \/><\/a><\/p>\n<p><a href=\"http:\/\/www.syenlap.dk\/wp-content\/uploads\/2015\/10\/freja-fixf\u00e6rdig-12.jpg\" rel=\"lightbox[27310]\"><img loading=\"lazy\" decoding=\"async\" class=\"aligncenter size-full wp-image-27321\" src=\"http:\/\/www.syenlap.dk\/wp-content\/uploads\/2015\/10\/freja-fixf\u00e6rdig-12.jpg\" alt=\"freja fix&amp;f\u00e6rdig 12\" width=\"800\" height=\"567\" srcset=\"http:\/\/www.syenlap.dk\/wp-content\/uploads\/2015\/10\/freja-fixf\u00e6rdig-12.jpg 800w, http:\/\/www.syenlap.dk\/wp-content\/uploads\/2015\/10\/freja-fixf\u00e6rdig-12-300x213.jpg 300w, http:\/\/www.syenlap.dk\/wp-content\/uploads\/2015\/10\/freja-fixf\u00e6rdig-12-423x300.jpg 423w\" sizes=\"auto, (max-width: 800px) 100vw, 800px\" \/><\/a>..og derefter f\u00f8jet sammen med strimlerne.<\/p>\n<p><a href=\"http:\/\/www.syenlap.dk\/wp-content\/uploads\/2015\/10\/freja-fixf\u00e6rdig-4.jpg\" rel=\"lightbox[27310]\"><img loading=\"lazy\" decoding=\"async\" class=\"aligncenter size-full wp-image-27313\" src=\"http:\/\/www.syenlap.dk\/wp-content\/uploads\/2015\/10\/freja-fixf\u00e6rdig-4.jpg\" alt=\"freja fix&amp;f\u00e6rdig 4\" width=\"600\" height=\"485\" srcset=\"http:\/\/www.syenlap.dk\/wp-content\/uploads\/2015\/10\/freja-fixf\u00e6rdig-4.jpg 600w, http:\/\/www.syenlap.dk\/wp-content\/uploads\/2015\/10\/freja-fixf\u00e6rdig-4-300x243.jpg 300w, http:\/\/www.syenlap.dk\/wp-content\/uploads\/2015\/10\/freja-fixf\u00e6rdig-4-371x300.jpg 371w\" sizes=\"auto, (max-width: 600px) 100vw, 600px\" \/><\/a><\/p>\n<p>Den var ellers special, denne her &#8211; men maskinen drillede og ville ikke lave &#8220;guldsmedene&#8221;..<\/p>\n<p><a href=\"http:\/\/www.syenlap.dk\/wp-content\/uploads\/2015\/10\/freja-fixf\u00e6rdig-3.jpg\" rel=\"lightbox[27310]\"><img loading=\"lazy\" decoding=\"async\" class=\"aligncenter size-full wp-image-27312\" src=\"http:\/\/www.syenlap.dk\/wp-content\/uploads\/2015\/10\/freja-fixf\u00e6rdig-3.jpg\" alt=\"freja fix&amp;f\u00e6rdig 3\" width=\"600\" height=\"450\" srcset=\"http:\/\/www.syenlap.dk\/wp-content\/uploads\/2015\/10\/freja-fixf\u00e6rdig-3.jpg 600w, http:\/\/www.syenlap.dk\/wp-content\/uploads\/2015\/10\/freja-fixf\u00e6rdig-3-300x225.jpg 300w, http:\/\/www.syenlap.dk\/wp-content\/uploads\/2015\/10\/freja-fixf\u00e6rdig-3-400x300.jpg 400w\" sizes=\"auto, (max-width: 600px) 100vw, 600px\" \/><\/a><\/p>\n<p>..s\u00e5 der blev &#8220;syet bagl\u00e6ns&#8221; &#8211; \u00d8V! Men de skal nok blive fine alligevel.<\/p>\n<p><a href=\"http:\/\/www.syenlap.dk\/wp-content\/uploads\/2015\/10\/freja-fixf\u00e6rdig-10.jpg\" rel=\"lightbox[27310]\"><img loading=\"lazy\" decoding=\"async\" class=\"aligncenter size-full wp-image-27319\" src=\"http:\/\/www.syenlap.dk\/wp-content\/uploads\/2015\/10\/freja-fixf\u00e6rdig-10.jpg\" alt=\"freja fix&amp;f\u00e6rdig 10\" width=\"600\" height=\"462\" srcset=\"http:\/\/www.syenlap.dk\/wp-content\/uploads\/2015\/10\/freja-fixf\u00e6rdig-10.jpg 600w, http:\/\/www.syenlap.dk\/wp-content\/uploads\/2015\/10\/freja-fixf\u00e6rdig-10-300x231.jpg 300w, http:\/\/www.syenlap.dk\/wp-content\/uploads\/2015\/10\/freja-fixf\u00e6rdig-10-390x300.jpg 390w\" sizes=\"auto, (max-width: 600px) 100vw, 600px\" \/><\/a><\/p>\n<p>Der er virkelig sirlighed og orden p\u00e5 dette!<\/p>\n<p><a href=\"http:\/\/www.syenlap.dk\/wp-content\/uploads\/2015\/10\/freja-fixf\u00e6rdig-13.jpg\" rel=\"lightbox[27310]\"><img loading=\"lazy\" decoding=\"async\" class=\"aligncenter size-full wp-image-27322\" src=\"http:\/\/www.syenlap.dk\/wp-content\/uploads\/2015\/10\/freja-fixf\u00e6rdig-13.jpg\" alt=\"freja fix&amp;f\u00e6rdig 13\" width=\"600\" height=\"339\" srcset=\"http:\/\/www.syenlap.dk\/wp-content\/uploads\/2015\/10\/freja-fixf\u00e6rdig-13.jpg 600w, http:\/\/www.syenlap.dk\/wp-content\/uploads\/2015\/10\/freja-fixf\u00e6rdig-13-300x170.jpg 300w, http:\/\/www.syenlap.dk\/wp-content\/uploads\/2015\/10\/freja-fixf\u00e6rdig-13-500x283.jpg 500w\" sizes=\"auto, (max-width: 600px) 100vw, 600px\" \/><\/a><\/p>\n<p>S\u00e5 det bliver fint!<\/p>\n<p><a href=\"http:\/\/www.syenlap.dk\/wp-content\/uploads\/2015\/10\/freja-fixf\u00e6rdig-9.jpg\" rel=\"lightbox[27310]\"><img loading=\"lazy\" decoding=\"async\" class=\"aligncenter size-full wp-image-27318\" src=\"http:\/\/www.syenlap.dk\/wp-content\/uploads\/2015\/10\/freja-fixf\u00e6rdig-9.jpg\" alt=\"freja fix&amp;f\u00e6rdig 9\" width=\"600\" height=\"446\" srcset=\"http:\/\/www.syenlap.dk\/wp-content\/uploads\/2015\/10\/freja-fixf\u00e6rdig-9.jpg 600w, http:\/\/www.syenlap.dk\/wp-content\/uploads\/2015\/10\/freja-fixf\u00e6rdig-9-300x223.jpg 300w, http:\/\/www.syenlap.dk\/wp-content\/uploads\/2015\/10\/freja-fixf\u00e6rdig-9-404x300.jpg 404w\" sizes=\"auto, (max-width: 600px) 100vw, 600px\" \/><\/a><\/p>\n<p>Nogle fik lejlighed til at puste nyt liv i gamle klude &#8211; undskyld: gamle blokke, der havde ligget, men nu kommer til \u00e6re og v\u00e6rdighed!<\/p>\n<p><a href=\"http:\/\/www.syenlap.dk\/wp-content\/uploads\/2015\/10\/freja-fixf\u00e6rdig-2.jpg\" rel=\"lightbox[27310]\"><img loading=\"lazy\" decoding=\"async\" class=\"aligncenter size-full wp-image-27311\" src=\"http:\/\/www.syenlap.dk\/wp-content\/uploads\/2015\/10\/freja-fixf\u00e6rdig-2.jpg\" alt=\"freja fix&amp;f\u00e6rdig 2\" width=\"600\" height=\"494\" srcset=\"http:\/\/www.syenlap.dk\/wp-content\/uploads\/2015\/10\/freja-fixf\u00e6rdig-2.jpg 600w, http:\/\/www.syenlap.dk\/wp-content\/uploads\/2015\/10\/freja-fixf\u00e6rdig-2-300x247.jpg 300w, http:\/\/www.syenlap.dk\/wp-content\/uploads\/2015\/10\/freja-fixf\u00e6rdig-2-364x300.jpg 364w\" sizes=\"auto, (max-width: 600px) 100vw, 600px\" \/><\/a><\/p>\n<p>Og s\u00e5 var der en stak blokke, der blev n\u00e6sten f\u00e6rdigmonteret:<\/p>\n<p><a href=\"http:\/\/www.syenlap.dk\/wp-content\/uploads\/2015\/10\/freja-fixf\u00e6rdig-11.jpg\" rel=\"lightbox[27310]\"><img loading=\"lazy\" decoding=\"async\" class=\"aligncenter size-full wp-image-27320\" src=\"http:\/\/www.syenlap.dk\/wp-content\/uploads\/2015\/10\/freja-fixf\u00e6rdig-11.jpg\" alt=\"freja fix&amp;f\u00e6rdig 11\" width=\"600\" height=\"314\" srcset=\"http:\/\/www.syenlap.dk\/wp-content\/uploads\/2015\/10\/freja-fixf\u00e6rdig-11.jpg 600w, http:\/\/www.syenlap.dk\/wp-content\/uploads\/2015\/10\/freja-fixf\u00e6rdig-11-300x157.jpg 300w, http:\/\/www.syenlap.dk\/wp-content\/uploads\/2015\/10\/freja-fixf\u00e6rdig-11-500x262.jpg 500w\" sizes=\"auto, (max-width: 600px) 100vw, 600px\" \/><\/a><\/p>\n<p>&#8211; klar til h\u00e5ndstaffering,\u00a0i hvert fald p\u00e5 den ene led!<\/p>\n<p>God forn\u00f8jelse med at g\u00f8re alle t\u00e6pperne f\u00e6rdige derhjemme, nu kan I selv!<\/p>\n","protected":false},"excerpt":{"rendered":"<p>..i Thors\u00f8, hvor jeg var inviteret af Freja Quilterne til at holde workshop i &#8220;Fix &amp; f\u00e6rdig&#8221; eller &#8220;Quilt-as-you-go&#8221; (det er det samme), hvor man quilter blokkene hver for sig og syr dem sammen med smalle strimler p\u00e5 for- og &hellip; <a href=\"http:\/\/www.syenlap.dk\/?p=27310\">L\u00e6s resten <span class=\"meta-nav\">&rarr;<\/span><\/a><\/p>\n","protected":false},"author":2,"featured_media":0,"comment_status":"open","ping_status":"open","sticky":false,"template":"","format":"standard","meta":{"footnotes":""},"categories":[12,15],"tags":[],"class_list":["post-27310","post","type-post","status-publish","format-standard","hentry","category-oplevelser","category-patchwork"],"_links":{"self":[{"href":"http:\/\/www.syenlap.dk\/index.php?rest_route=\/wp\/v2\/posts\/27310","targetHints":{"allow":["GET"]}}],"collection":[{"href":"http:\/\/www.syenlap.dk\/index.php?rest_route=\/wp\/v2\/posts"}],"about":[{"href":"http:\/\/www.syenlap.dk\/index.php?rest_route=\/wp\/v2\/types\/post"}],"author":[{"embeddable":true,"href":"http:\/\/www.syenlap.dk\/index.php?rest_route=\/wp\/v2\/users\/2"}],"replies":[{"embeddable":true,"href":"http:\/\/www.syenlap.dk\/index.php?rest_route=%2Fwp%2Fv2%2Fcomments&post=27310"}],"version-history":[{"count":2,"href":"http:\/\/www.syenlap.dk\/index.php?rest_route=\/wp\/v2\/posts\/27310\/revisions"}],"predecessor-version":[{"id":27325,"href":"http:\/\/www.syenlap.dk\/index.php?rest_route=\/wp\/v2\/posts\/27310\/revisions\/27325"}],"wp:attachment":[{"href":"http:\/\/www.syenlap.dk\/index.php?rest_route=%2Fwp%2Fv2%2Fmedia&parent=27310"}],"wp:term":[{"taxonomy":"category","embeddable":true,"href":"http:\/\/www.syenlap.dk\/index.php?rest_route=%2Fwp%2Fv2%2Fcategories&post=27310"},{"taxonomy":"post_tag","embeddable":true,"href":"http:\/\/www.syenlap.dk\/index.php?rest_route=%2Fwp%2Fv2%2Ftags&post=27310"}],"curies":[{"name":"wp","href":"https:\/\/api.w.org\/{rel}","templated":true}]}}