{"id":27326,"date":"2015-10-25T19:45:58","date_gmt":"2015-10-25T17:45:58","guid":{"rendered":"http:\/\/www.syenlap.dk\/?p=27326"},"modified":"2015-10-25T19:45:58","modified_gmt":"2015-10-25T17:45:58","slug":"nu-er-jeg-godt-brugt","status":"publish","type":"post","link":"http:\/\/www.syenlap.dk\/?p=27326","title":{"rendered":"NU er jeg godt brugt!"},"content":{"rendered":"<p>Alle weekendens aktiviteter er g\u00e5et godt, og nu skal jeg bare have benene op!<\/p>\n<p>Det var en fantastisk messe &#8220;Kreative Dage i Fredericia C&#8221; &#8211; hold da op, det m\u00e5 v\u00e6re Danmarks st\u00f8rste messe\u00a0for kreative mennesker.<\/p>\n<p>Det er lige f\u00f8r, jeg synes, det var uoverskueligt, men det er nok, fordi jeg ikke havde tid til at komme rundt over det hele.<\/p>\n<p>Til geng\u00e6ld havde jeg i dag nogle meget hyggelige timer i Dansk Patchwork Forenings lille stand sammen med andre s\u00f8de quiltere og den nuv\u00e6rende og forhenv\u00e6rende formand for foreningen, der gjorde, hvad de kunne for at skaffe nye medlemmer &#8211; det lykkedes! Personligt hvervede jeg 2, selv om det ikke var det, jeg var der for, men de tog imod det gode tilbud om en rabat p\u00e5 indmeldelse lige nu.<\/p>\n<p>Det var sjovt at vise japansk foldeteknik i forskellige udgaver, b\u00e5de tasker i forskellige str., t\u00e6pper og den lille dug med foldede trekanter\/sekskanter, som jeg syede p\u00e5, det var der mange, der var meget interesserede i at se: &#8220;Kan man ogs\u00e5 sy japansk foldeteknik i trekanter?&#8221;<\/p>\n<p>Heldigvis havde jeg 2 timer til at se messen, f\u00e5 lidt at spise sammen med Rita og Kaj, og snuse lidt i butikkerne. Det var ikke meget, jeg k\u00f8bte, men et par meget l\u00e6kre strikkekit hos Lene, <a href=\"http:\/\/lenep-katrinelund.dk\/\" target=\"_blank\">G\u00e5rdbutikken Katrinelund<\/a>, hvor vi snakkede om den meget sp\u00e6ndende konkurrence p\u00e5 Hendes Verdens hjemmeside, hvor Katrinelund er \u00e9n af 5 butikker, der er nomineret som <a href=\"http:\/\/www.hendesverden.dk\/konkurrencer\/Stem-pa-Danmarks-dejligste-garnbutik-2015\/\" target=\"_blank\">Danmarks dejligste strikkebutik<\/a>. Lene er vildt stolt over at v\u00e6re nomineret. Hun aner ikke, hvem der har nomineret hendes butik, men g\u00e6tter p\u00e5, at det er flere af hendes kunder, og det er selvf\u00f8lgelig dejligt! &#8220;T\u00e6nk at min lille g\u00e5rdbutik kan konkurrere med de store butikker!&#8221;<\/p>\n<p>Man kan stadig n\u00e5 at stemme indtil midnat i dag&#8230; s\u00e5 hvis du stemmer p\u00e5 Lene, s\u00e5 g\u00e5r du ikke galt i byen! Det er virkelig en dejlig butik, og Lene laver selv mange flotte opskrifter.<\/p>\n<p>Og s\u00f8rme, om ikke jeg ogs\u00e5 m\u00f8dte familien = datteren og svigers\u00f8nnen! Lige pludselig l\u00e5 der en fin lille sten foran mig &#8211; \u00e9n af de fint malede sten, som hun &#8220;taber&#8221; rundt omkring i byen og nu ogs\u00e5 p\u00e5 messen, hvor hun havde t\u00f8mt lommerne forskellige steder &#8211; og nu ogs\u00e5 hos mig!<\/p>\n<p>I morgen vil hun og jeg tage over og plukke \u00e6bler p\u00e5 mit s\u00e6dvanlige gode sted. Der har ikke v\u00e6ret hverken vejr eller tid til det f\u00f8r, men jeg regner med, at vi kan n\u00e5 det.<\/p>\n","protected":false},"excerpt":{"rendered":"<p>Alle weekendens aktiviteter er g\u00e5et godt, og nu skal jeg bare have benene op! Det var en fantastisk messe &#8220;Kreative Dage i Fredericia C&#8221; &#8211; hold da op, det m\u00e5 v\u00e6re Danmarks st\u00f8rste messe\u00a0for kreative mennesker. Det er lige f\u00f8r, &hellip; <a href=\"http:\/\/www.syenlap.dk\/?p=27326\">L\u00e6s resten <span class=\"meta-nav\">&rarr;<\/span><\/a><\/p>\n","protected":false},"author":2,"featured_media":0,"comment_status":"open","ping_status":"open","sticky":false,"template":"","format":"standard","meta":{"footnotes":""},"categories":[68,5,15],"tags":[],"class_list":["post-27326","post","type-post","status-publish","format-standard","hentry","category-de-sma-glaeder","category-familien","category-patchwork"],"_links":{"self":[{"href":"http:\/\/www.syenlap.dk\/index.php?rest_route=\/wp\/v2\/posts\/27326","targetHints":{"allow":["GET"]}}],"collection":[{"href":"http:\/\/www.syenlap.dk\/index.php?rest_route=\/wp\/v2\/posts"}],"about":[{"href":"http:\/\/www.syenlap.dk\/index.php?rest_route=\/wp\/v2\/types\/post"}],"author":[{"embeddable":true,"href":"http:\/\/www.syenlap.dk\/index.php?rest_route=\/wp\/v2\/users\/2"}],"replies":[{"embeddable":true,"href":"http:\/\/www.syenlap.dk\/index.php?rest_route=%2Fwp%2Fv2%2Fcomments&post=27326"}],"version-history":[{"count":2,"href":"http:\/\/www.syenlap.dk\/index.php?rest_route=\/wp\/v2\/posts\/27326\/revisions"}],"predecessor-version":[{"id":27328,"href":"http:\/\/www.syenlap.dk\/index.php?rest_route=\/wp\/v2\/posts\/27326\/revisions\/27328"}],"wp:attachment":[{"href":"http:\/\/www.syenlap.dk\/index.php?rest_route=%2Fwp%2Fv2%2Fmedia&parent=27326"}],"wp:term":[{"taxonomy":"category","embeddable":true,"href":"http:\/\/www.syenlap.dk\/index.php?rest_route=%2Fwp%2Fv2%2Fcategories&post=27326"},{"taxonomy":"post_tag","embeddable":true,"href":"http:\/\/www.syenlap.dk\/index.php?rest_route=%2Fwp%2Fv2%2Ftags&post=27326"}],"curies":[{"name":"wp","href":"https:\/\/api.w.org\/{rel}","templated":true}]}}