{"id":2735,"date":"2009-04-16T14:35:37","date_gmt":"2009-04-16T12:35:37","guid":{"rendered":"http:\/\/www.syenlap.dk\/?p=2735"},"modified":"2009-04-16T14:35:37","modified_gmt":"2009-04-16T12:35:37","slug":"en-lyser%c3%b8d-sky","status":"publish","type":"post","link":"http:\/\/www.syenlap.dk\/?p=2735","title":{"rendered":"En lyser\u00f8d sky"},"content":{"rendered":"<p><img loading=\"lazy\" decoding=\"async\" class=\"aligncenter size-full wp-image-2736\" title=\"terrasse\" src=\"http:\/\/www.syenlap.dk\/wp-content\/uploads\/2009\/04\/terrasse.jpg\" alt=\"terrasse\" width=\"500\" height=\"658\" \/><\/p>\n<p>I nogle f\u00e5 dage har vi en lyser\u00f8d sky lige uden for terrassed\u00f8ren. Tr\u00e6et, som S\u00f8ren plantede for nogle \u00e5r siden for at give mig skygge p\u00e5 terrassen, da min hud ikke t\u00e5ler for meget sol, har v\u00e6ret endnu st\u00f8rre, s\u00e5 hele terrassen faktisk l\u00e5 i skygge, n\u00e5r der kom blade p\u00e5. S\u00e5 det blev besk\u00e5ret kraftigt for 2 \u00e5r siden, og nu er det bare s\u00e5 utroligt flot og harmonisk.<\/p>\n<p><img loading=\"lazy\" decoding=\"async\" class=\"aligncenter size-full wp-image-2737\" title=\"huset\" src=\"http:\/\/www.syenlap.dk\/wp-content\/uploads\/2009\/04\/huset.jpg\" alt=\"huset\" width=\"500\" height=\"345\" \/><\/p>\n<p>Jamen det er da smukt, n\u00e5r alle p\u00e5skeliljerne nu ogs\u00e5 er spunget ud..<\/p>\n<p><img loading=\"lazy\" decoding=\"async\" class=\"aligncenter size-full wp-image-2739\" title=\"terrasse-sol\" src=\"http:\/\/www.syenlap.dk\/wp-content\/uploads\/2009\/04\/terrasse-sol.jpg\" alt=\"terrasse-sol\" width=\"500\" height=\"417\" \/><\/p>\n<p>..og nu, hvor det er solskin.<\/p>\n","protected":false},"excerpt":{"rendered":"<p>I nogle f\u00e5 dage har vi en lyser\u00f8d sky lige uden for terrassed\u00f8ren. Tr\u00e6et, som S\u00f8ren plantede for nogle \u00e5r siden for at give mig skygge p\u00e5 terrassen, da min hud ikke t\u00e5ler for meget sol, har v\u00e6ret endnu st\u00f8rre, &hellip; <a href=\"http:\/\/www.syenlap.dk\/?p=2735\">L\u00e6s resten <span class=\"meta-nav\">&rarr;<\/span><\/a><\/p>\n","protected":false},"author":2,"featured_media":0,"comment_status":"open","ping_status":"open","sticky":false,"template":"","format":"standard","meta":{"footnotes":""},"categories":[1],"tags":[],"class_list":["post-2735","post","type-post","status-publish","format-standard","hentry","category-ikke-kategoriseret"],"_links":{"self":[{"href":"http:\/\/www.syenlap.dk\/index.php?rest_route=\/wp\/v2\/posts\/2735","targetHints":{"allow":["GET"]}}],"collection":[{"href":"http:\/\/www.syenlap.dk\/index.php?rest_route=\/wp\/v2\/posts"}],"about":[{"href":"http:\/\/www.syenlap.dk\/index.php?rest_route=\/wp\/v2\/types\/post"}],"author":[{"embeddable":true,"href":"http:\/\/www.syenlap.dk\/index.php?rest_route=\/wp\/v2\/users\/2"}],"replies":[{"embeddable":true,"href":"http:\/\/www.syenlap.dk\/index.php?rest_route=%2Fwp%2Fv2%2Fcomments&post=2735"}],"version-history":[{"count":0,"href":"http:\/\/www.syenlap.dk\/index.php?rest_route=\/wp\/v2\/posts\/2735\/revisions"}],"wp:attachment":[{"href":"http:\/\/www.syenlap.dk\/index.php?rest_route=%2Fwp%2Fv2%2Fmedia&parent=2735"}],"wp:term":[{"taxonomy":"category","embeddable":true,"href":"http:\/\/www.syenlap.dk\/index.php?rest_route=%2Fwp%2Fv2%2Fcategories&post=2735"},{"taxonomy":"post_tag","embeddable":true,"href":"http:\/\/www.syenlap.dk\/index.php?rest_route=%2Fwp%2Fv2%2Ftags&post=2735"}],"curies":[{"name":"wp","href":"https:\/\/api.w.org\/{rel}","templated":true}]}}