{"id":2763,"date":"2009-04-18T20:17:01","date_gmt":"2009-04-18T18:17:01","guid":{"rendered":"http:\/\/www.syenlap.dk\/?p=2763"},"modified":"2009-04-18T20:17:01","modified_gmt":"2009-04-18T18:17:01","slug":"mere-mellem-himmel-og-jord","status":"publish","type":"post","link":"http:\/\/www.syenlap.dk\/?p=2763","title":{"rendered":"Mere mellem himmel og jord?"},"content":{"rendered":"<p>Var der en mening med at de bremser lige svigtede i dag? I hvert fald er jeg kisteglad for at jeg ikke kom til Bl\u00e5vand, for S\u00f8ren har haft det s\u00e5 skidt i dag, at jeg ville have v\u00e6ret ked af ikke at v\u00e6re her, selv om jeg ikke kan g\u00f8re ret meget for ham. Han har ondt i hele kroppen, har det skidt med maven og jeg kan kun lokke lidt yogurt i ham. Men havde han v\u00e6ret alene, s\u00e5 havde han ikke engang spist det.<\/p>\n<p>Whisky har ogs\u00e5 haft vr\u00f8vl med maven nu snart i 1 m\u00e5ned, og dyrl\u00e6gen har taget blodpr\u00f8ver for at fastsl\u00e5 \u00e5rsagen. Men da jeg fik\u00a0sommerens f\u00f8rste\u00a0\u00f8l i solen sammen med nogle af vore gode naboer i eftermiddags, sagde en af dem, at det sagtens kunne v\u00e6re S\u00f8rens sygdom, der p\u00e5virker hunden? Vi snakkede om det, S\u00f8ren og jeg, og selv om han ikke tror, at det er det, der skyld i dens sygdom, s\u00e5 er han ikke i tvivl om, at Whisky er meget p\u00e5virket af at S\u00f8ren er syg, for han opf\u00f8rer sig direkte hensynsfuldt overfor ham, g\u00e5r meget p\u00e6nt og stille, n\u00e5r de g\u00e5r en lille tur, g\u00f8r ikke, som han plejer uden grund (joh, n\u00e5r han ligger i stuen med mig om aftenen!). Ja, dyr er jo f\u00f8lsomme, og der er ingen tvivl om, at Whisky er klog, han forst\u00e5r utroligt mange ting.<\/p>\n<p>Men S\u00f8ren f\u00e5r mig alts\u00e5 ikke til at forlade ham med overnatning en anden gang, uden at der er andre til at hj\u00e6lpe ham.<\/p>\n","protected":false},"excerpt":{"rendered":"<p>Var der en mening med at de bremser lige svigtede i dag? I hvert fald er jeg kisteglad for at jeg ikke kom til Bl\u00e5vand, for S\u00f8ren har haft det s\u00e5 skidt i dag, at jeg ville have v\u00e6ret ked &hellip; <a href=\"http:\/\/www.syenlap.dk\/?p=2763\">L\u00e6s resten <span class=\"meta-nav\">&rarr;<\/span><\/a><\/p>\n","protected":false},"author":2,"featured_media":0,"comment_status":"open","ping_status":"open","sticky":false,"template":"","format":"standard","meta":{"footnotes":""},"categories":[5],"tags":[],"class_list":["post-2763","post","type-post","status-publish","format-standard","hentry","category-familien"],"_links":{"self":[{"href":"http:\/\/www.syenlap.dk\/index.php?rest_route=\/wp\/v2\/posts\/2763","targetHints":{"allow":["GET"]}}],"collection":[{"href":"http:\/\/www.syenlap.dk\/index.php?rest_route=\/wp\/v2\/posts"}],"about":[{"href":"http:\/\/www.syenlap.dk\/index.php?rest_route=\/wp\/v2\/types\/post"}],"author":[{"embeddable":true,"href":"http:\/\/www.syenlap.dk\/index.php?rest_route=\/wp\/v2\/users\/2"}],"replies":[{"embeddable":true,"href":"http:\/\/www.syenlap.dk\/index.php?rest_route=%2Fwp%2Fv2%2Fcomments&post=2763"}],"version-history":[{"count":0,"href":"http:\/\/www.syenlap.dk\/index.php?rest_route=\/wp\/v2\/posts\/2763\/revisions"}],"wp:attachment":[{"href":"http:\/\/www.syenlap.dk\/index.php?rest_route=%2Fwp%2Fv2%2Fmedia&parent=2763"}],"wp:term":[{"taxonomy":"category","embeddable":true,"href":"http:\/\/www.syenlap.dk\/index.php?rest_route=%2Fwp%2Fv2%2Fcategories&post=2763"},{"taxonomy":"post_tag","embeddable":true,"href":"http:\/\/www.syenlap.dk\/index.php?rest_route=%2Fwp%2Fv2%2Ftags&post=2763"}],"curies":[{"name":"wp","href":"https:\/\/api.w.org\/{rel}","templated":true}]}}