{"id":2768,"date":"2009-04-21T12:33:04","date_gmt":"2009-04-21T10:33:04","guid":{"rendered":"http:\/\/www.syenlap.dk\/?p=2768"},"modified":"2009-04-21T12:33:04","modified_gmt":"2009-04-21T10:33:04","slug":"hvor-skal-eventyrt%c3%a6ppet-h%c3%a6nges-op","status":"publish","type":"post","link":"http:\/\/www.syenlap.dk\/?p=2768","title":{"rendered":"Hvor skal eventyrt\u00e6ppet h\u00e6nges op?"},"content":{"rendered":"<p>Jeg var til generalforsamling i Vitus Bering Quilterne i g\u00e5r aftes, det er altid en hyggelig begivenhed, som jeg blev bedt om at v\u00e6re dirigent for &#8211; det kan v\u00e6re sv\u00e6rt at f\u00e5 \u00f8renlyd med s\u00e5dan en flok patchworkere, men til geng\u00e6ld er der aldrig problemer, s\u00e5 dagsordenen er vi hurtigt igennem. Desv\u00e6rre ville formand Alice og hendes s\u00f8ster Vibeke ikke genv\u00e6lges efter 8 \u00e5r, det har ellers v\u00e6ret 8 rigtig gode og inspirerende \u00e5r med mange afvekslende oplevelser og en god \u00f8konomi!<\/p>\n<p>For f\u00f8rste gang i foreningens levetid havde vi kampvalg! Det er jo dejligt, at der er interesse for at l\u00e6gge et arbejde i bestyrelsen, og i s\u00e6rdeleshed, n\u00e5r der ogs\u00e5 er yngre patchworkere, der melder sig. S\u00e5 vi fik en ny bestyrelse.<\/p>\n<p>En af den afg\u00e5ende formands sidste hjertesager var at finde et endeligt sted at placere det flotte eventyrt\u00e6ppe, som blev p\u00e5begyndt under en marathonsyning for en del \u00e5r siden, og som har v\u00e6ret l\u00e6nge om at blive monteret og is\u00e6r at blive quiltet! Det skyldes nok ogs\u00e5, at motiveringen smuldrede undervejs.<\/p>\n<p><img loading=\"lazy\" decoding=\"async\" class=\"aligncenter size-full wp-image-2769\" title=\"marathonquilt-2\" src=\"http:\/\/www.syenlap.dk\/wp-content\/uploads\/2009\/04\/marathonquilt-2.jpg\" alt=\"marathonquilt-2\" width=\"500\" height=\"321\" \/><\/p>\n<p>Det var oprindeligt meningen at give det til b\u00f8rneafdelingen p\u00e5 Horsens Sygehus, men den er blevet nedlagt i mellemtiden! S\u00e5 nu, hvor det endeligt er helt f\u00e6rdig-quiltet, skulle vi finde et godt sted, det kan h\u00e6nge og bringe gl\u00e6de til nogle b\u00f8rn. Der er i mellemtiden kommet et b\u00f8rneambulatorium p\u00e5 sygehuset, s\u00e5 det var et af forslagene.<\/p>\n<p><img loading=\"lazy\" decoding=\"async\" class=\"aligncenter size-full wp-image-2770\" title=\"marathonquilt\" src=\"http:\/\/www.syenlap.dk\/wp-content\/uploads\/2009\/04\/marathonquilt.jpg\" alt=\"marathonquilt\" width=\"500\" height=\"472\" \/><\/p>\n<p>Det er 2 x 2 meter\u00a0stort og \u00a0et meget sp\u00e6ndende t\u00e6ppe, m\u00f8nsteret er fra en kalender for flere \u00e5r siden, blokkene er syet i grupper, og sammensyning og quiltning har g\u00e5et p\u00e5 omgang i Vitus Bering Quilterne, som er en meget stor lokalgruppe under Dansk Patchwork Forening.<\/p>\n<p>Vi holder syaftnerne i et terapilokale p\u00e5 et plejecenter, og et andet \u00f8nske fra Alice var, at vi opfylder et gammel l\u00f8fte til plejecentret om at sy nogle ting til deres julemarked. Det er g\u00e5et lidt i glemmebogen, men nu snakkede vi om nogle temaaftner med dette som m\u00e5l.<\/p>\n<p>Efter generalforsamlingen syede vi, som vi plejer, og der var som altid nogle, der havde noget at vise frem. F.eks. havde Solveig dette flotte Danmarkskort&#8230;<\/p>\n<p><img loading=\"lazy\" decoding=\"async\" class=\"aligncenter size-full wp-image-2771\" title=\"danmarkskort\" src=\"http:\/\/www.syenlap.dk\/wp-content\/uploads\/2009\/04\/danmarkskort.jpg\" alt=\"danmarkskort\" width=\"500\" height=\"648\" \/><\/p>\n<p>&#8230;som hun selv har lavet m\u00f8nsteret til og h\u00e5ndsyet\/h\u00e5ndquiltet. Imponerende!<\/p>\n<p>Og Lene havde igen t\u00e6pper med til Projekt Puttet\u00e6pper til b\u00f8rn p\u00e5 julem\u00e6rkehjem, som hun har syet af mode-herreskjorter, som vi har f\u00e5et for\u00e6rende. Det er hun s\u00e5 god til, det er flotte t\u00e6pper, hun f\u00e5r ud af det, is\u00e6r beundrer jeg hendes akkuratesse i forhold til striber og terner!<\/p>\n<p><img loading=\"lazy\" decoding=\"async\" class=\"aligncenter size-full wp-image-2773\" title=\"pu0409-lene1\" src=\"http:\/\/www.syenlap.dk\/wp-content\/uploads\/2009\/04\/pu0409-lene1.jpg\" alt=\"pu0409-lene1\" width=\"500\" height=\"540\" \/><\/p>\n<p>Det er dejligt, at der ogs\u00e5 bliver t\u00e6pper, som drenge vil finde flotte!<\/p>\n<p><img loading=\"lazy\" decoding=\"async\" class=\"aligncenter size-full wp-image-2774\" title=\"pu0409-lene2\" src=\"http:\/\/www.syenlap.dk\/wp-content\/uploads\/2009\/04\/pu0409-lene2.jpg\" alt=\"pu0409-lene2\" width=\"500\" height=\"544\" \/><\/p>\n<p>Disse 2 t\u00e6pper vil blive udstillet sammen med MANGE andre puttet\u00e6pper til b\u00f8rn p\u00e5 julem\u00e6rkehjem hos <a href=\"http:\/\/www.hanneshjemmeside.dk\/\" target=\"_blank\">HANNE&#8217;s<\/a> i Vejerslev s\u00f8ndag 26. april &#8211; tirsdag 12. maj 2009. Der vil man ogs\u00e5 kunne k\u00f8be det nye puttet\u00e6ppem\u00f8nster 2009 for dem, der vil bidrage til projektet vedat sy nogle enkelte blokke, som bliver samlet til t\u00e6pper af andre.<\/p>\n","protected":false},"excerpt":{"rendered":"<p>Jeg var til generalforsamling i Vitus Bering Quilterne i g\u00e5r aftes, det er altid en hyggelig begivenhed, som jeg blev bedt om at v\u00e6re dirigent for &#8211; det kan v\u00e6re sv\u00e6rt at f\u00e5 \u00f8renlyd med s\u00e5dan en flok patchworkere, men &hellip; <a href=\"http:\/\/www.syenlap.dk\/?p=2768\">L\u00e6s resten <span class=\"meta-nav\">&rarr;<\/span><\/a><\/p>\n","protected":false},"author":2,"featured_media":0,"comment_status":"open","ping_status":"open","sticky":false,"template":"","format":"standard","meta":{"footnotes":""},"categories":[15],"tags":[],"class_list":["post-2768","post","type-post","status-publish","format-standard","hentry","category-patchwork"],"_links":{"self":[{"href":"http:\/\/www.syenlap.dk\/index.php?rest_route=\/wp\/v2\/posts\/2768","targetHints":{"allow":["GET"]}}],"collection":[{"href":"http:\/\/www.syenlap.dk\/index.php?rest_route=\/wp\/v2\/posts"}],"about":[{"href":"http:\/\/www.syenlap.dk\/index.php?rest_route=\/wp\/v2\/types\/post"}],"author":[{"embeddable":true,"href":"http:\/\/www.syenlap.dk\/index.php?rest_route=\/wp\/v2\/users\/2"}],"replies":[{"embeddable":true,"href":"http:\/\/www.syenlap.dk\/index.php?rest_route=%2Fwp%2Fv2%2Fcomments&post=2768"}],"version-history":[{"count":0,"href":"http:\/\/www.syenlap.dk\/index.php?rest_route=\/wp\/v2\/posts\/2768\/revisions"}],"wp:attachment":[{"href":"http:\/\/www.syenlap.dk\/index.php?rest_route=%2Fwp%2Fv2%2Fmedia&parent=2768"}],"wp:term":[{"taxonomy":"category","embeddable":true,"href":"http:\/\/www.syenlap.dk\/index.php?rest_route=%2Fwp%2Fv2%2Fcategories&post=2768"},{"taxonomy":"post_tag","embeddable":true,"href":"http:\/\/www.syenlap.dk\/index.php?rest_route=%2Fwp%2Fv2%2Ftags&post=2768"}],"curies":[{"name":"wp","href":"https:\/\/api.w.org\/{rel}","templated":true}]}}