{"id":2785,"date":"2009-04-24T00:12:52","date_gmt":"2009-04-23T22:12:52","guid":{"rendered":"http:\/\/www.syenlap.dk\/?p=2785"},"modified":"2009-04-24T00:12:52","modified_gmt":"2009-04-23T22:12:52","slug":"opladning","status":"publish","type":"post","link":"http:\/\/www.syenlap.dk\/?p=2785","title":{"rendered":"Opladning"},"content":{"rendered":"<p>Jeg havde\u00a0skaffet &#8220;stand-in&#8221; til bes\u00f8get p\u00e5 Vandel Efterskole, men igen: S\u00f8ren insisterede p\u00e5, at jeg skulle tage derud, og hjemmesygeplejersken ville se til ham et par gange, s\u00e5 Bente og jeg tog derud sammen, medbringende et stort arsenal af puttet\u00e6pper + egne t\u00e6pper og tasker, d\u00e6kkeservietter, l\u00f8bere mm, s\u00e5 der var et bredt udvalg.<\/p>\n<p><img loading=\"lazy\" decoding=\"async\" class=\"aligncenter size-full wp-image-2787\" title=\"vandel51\" src=\"http:\/\/www.syenlap.dk\/wp-content\/uploads\/2009\/04\/vandel51.jpg\" alt=\"vandel51\" width=\"500\" height=\"334\" \/><\/p>\n<p>Skolen havde tema-uge, og disse piger havde design som tema og havde syet patchwork. Jeg tror, vi overraskede dem ved at have s\u00e5 meget med&#8230;<\/p>\n<p><img loading=\"lazy\" decoding=\"async\" class=\"aligncenter size-full wp-image-2789\" title=\"vandel31\" src=\"http:\/\/www.syenlap.dk\/wp-content\/uploads\/2009\/04\/vandel31.jpg\" alt=\"vandel31\" width=\"500\" height=\"327\" \/><\/p>\n<p>..men det passede jo lige med, at vi har samlet sammen til udstilling hos <a href=\"http:\/\/\" target=\"_blank\">HANNE&#8217;s<\/a> og <a href=\"http:\/\/www.quiltefestival.dk\/\" target=\"_blank\">Quiltefestivalen<\/a>, &#8211; ja og s\u00e5 har vi jo meget selv!<\/p>\n<p><img loading=\"lazy\" decoding=\"async\" class=\"aligncenter size-full wp-image-2790\" title=\"vandel4\" src=\"http:\/\/www.syenlap.dk\/wp-content\/uploads\/2009\/04\/vandel4.jpg\" alt=\"vandel4\" width=\"500\" height=\"416\" \/><\/p>\n<p>Vi skiftedes til at fort\u00e6lle og forklare om patchwork generelt, syteknikker, farver og meget om Projekt Puttet\u00e6pper!<\/p>\n<p><img loading=\"lazy\" decoding=\"async\" class=\"aligncenter size-full wp-image-2791\" title=\"vandel2\" src=\"http:\/\/www.syenlap.dk\/wp-content\/uploads\/2009\/04\/vandel2.jpg\" alt=\"vandel2\" width=\"500\" height=\"406\" \/><\/p>\n<p>Det er vist mildt sagt, at de var imponerede! De syntes alle t\u00e6pperne var flotte og var begejstrede for form\u00e5let med PP, nogle kendte nogle, der havde v\u00e6ret p\u00e5 julem\u00e6rkehjem, og \u00e9n var aktiv i B\u00f8rnecancerfonden som frivillig. Der blev spurgt flittigt ind til det hele, og det var tydeligt, at de kunne lide, hvad vi fortalte af fakta og historier.<\/p>\n<p><img loading=\"lazy\" decoding=\"async\" class=\"aligncenter size-full wp-image-2792\" title=\"vandel1\" src=\"http:\/\/www.syenlap.dk\/wp-content\/uploads\/2009\/04\/vandel1.jpg\" alt=\"vandel1\" width=\"500\" height=\"386\" \/><\/p>\n<p>De syntes ogs\u00e5, vi skulle se, hvad de syr, og s\u00e5 var det vores tur til at beundre&#8230;<\/p>\n<p><img loading=\"lazy\" decoding=\"async\" class=\"aligncenter size-full wp-image-2793\" title=\"vandel6\" src=\"http:\/\/www.syenlap.dk\/wp-content\/uploads\/2009\/04\/vandel6.jpg\" alt=\"vandel6\" width=\"500\" height=\"579\" \/><\/p>\n<p>&#8230;deres pr\u00e6cision og farvevalg! Det var smukt&#8230;.<\/p>\n<p><img loading=\"lazy\" decoding=\"async\" class=\"aligncenter size-full wp-image-2794\" title=\"vandel7\" src=\"http:\/\/www.syenlap.dk\/wp-content\/uploads\/2009\/04\/vandel7.jpg\" alt=\"vandel7\" width=\"500\" height=\"442\" \/><\/p>\n<p>&#8230;og de var meget lydh\u00f8re, n\u00e5r Bente gav dem tips og gode teknikker!<\/p>\n<p>For mig var de eftermiddagstimer en god opladning!<\/p>\n","protected":false},"excerpt":{"rendered":"<p>Jeg havde\u00a0skaffet &#8220;stand-in&#8221; til bes\u00f8get p\u00e5 Vandel Efterskole, men igen: S\u00f8ren insisterede p\u00e5, at jeg skulle tage derud, og hjemmesygeplejersken ville se til ham et par gange, s\u00e5 Bente og jeg tog derud sammen, medbringende et stort arsenal af puttet\u00e6pper &hellip; <a href=\"http:\/\/www.syenlap.dk\/?p=2785\">L\u00e6s resten <span class=\"meta-nav\">&rarr;<\/span><\/a><\/p>\n","protected":false},"author":2,"featured_media":0,"comment_status":"open","ping_status":"open","sticky":false,"template":"","format":"standard","meta":{"footnotes":""},"categories":[15,18],"tags":[51],"class_list":["post-2785","post","type-post","status-publish","format-standard","hentry","category-patchwork","category-vores-samfund","tag-projekt-puttetpper"],"_links":{"self":[{"href":"http:\/\/www.syenlap.dk\/index.php?rest_route=\/wp\/v2\/posts\/2785","targetHints":{"allow":["GET"]}}],"collection":[{"href":"http:\/\/www.syenlap.dk\/index.php?rest_route=\/wp\/v2\/posts"}],"about":[{"href":"http:\/\/www.syenlap.dk\/index.php?rest_route=\/wp\/v2\/types\/post"}],"author":[{"embeddable":true,"href":"http:\/\/www.syenlap.dk\/index.php?rest_route=\/wp\/v2\/users\/2"}],"replies":[{"embeddable":true,"href":"http:\/\/www.syenlap.dk\/index.php?rest_route=%2Fwp%2Fv2%2Fcomments&post=2785"}],"version-history":[{"count":0,"href":"http:\/\/www.syenlap.dk\/index.php?rest_route=\/wp\/v2\/posts\/2785\/revisions"}],"wp:attachment":[{"href":"http:\/\/www.syenlap.dk\/index.php?rest_route=%2Fwp%2Fv2%2Fmedia&parent=2785"}],"wp:term":[{"taxonomy":"category","embeddable":true,"href":"http:\/\/www.syenlap.dk\/index.php?rest_route=%2Fwp%2Fv2%2Fcategories&post=2785"},{"taxonomy":"post_tag","embeddable":true,"href":"http:\/\/www.syenlap.dk\/index.php?rest_route=%2Fwp%2Fv2%2Ftags&post=2785"}],"curies":[{"name":"wp","href":"https:\/\/api.w.org\/{rel}","templated":true}]}}