{"id":28505,"date":"2016-03-11T20:27:10","date_gmt":"2016-03-11T18:27:10","guid":{"rendered":"http:\/\/www.syenlap.dk\/?p=28505"},"modified":"2016-03-11T20:27:10","modified_gmt":"2016-03-11T18:27:10","slug":"sy-dag","status":"publish","type":"post","link":"http:\/\/www.syenlap.dk\/?p=28505","title":{"rendered":"Sy-dag"},"content":{"rendered":"<p>I dag har den st\u00e5et p\u00e5 billedbehandling og syning &#8211; dvs jeg har b\u00e5de sk\u00e5ret stof og er nu ved at sy en lukkekant p\u00e5 et t\u00e6ppe (igen).<\/p>\n<p><a href=\"http:\/\/www.syenlap.dk\/?attachment_id=28507\" rel=\"attachment wp-att-28507\"><img loading=\"lazy\" decoding=\"async\" class=\"alignright size-full wp-image-28507\" src=\"http:\/\/www.syenlap.dk\/wp-content\/uploads\/2016\/03\/1603-svaneke-quiltere-og-rita-sicko-1.jpg\" alt=\"1603 svaneke quiltere og rita sicko 1\" width=\"800\" height=\"905\" srcset=\"http:\/\/www.syenlap.dk\/wp-content\/uploads\/2016\/03\/1603-svaneke-quiltere-og-rita-sicko-1.jpg 800w, http:\/\/www.syenlap.dk\/wp-content\/uploads\/2016\/03\/1603-svaneke-quiltere-og-rita-sicko-1-265x300.jpg 265w, http:\/\/www.syenlap.dk\/wp-content\/uploads\/2016\/03\/1603-svaneke-quiltere-og-rita-sicko-1-768x869.jpg 768w\" sizes=\"auto, (max-width: 800px) 100vw, 800px\" \/><\/a> <a href=\"http:\/\/www.syenlap.dk\/?attachment_id=28508\" rel=\"attachment wp-att-28508\"><img loading=\"lazy\" decoding=\"async\" class=\"alignright size-full wp-image-28508\" src=\"http:\/\/www.syenlap.dk\/wp-content\/uploads\/2016\/03\/1603-svaneke-quiltere-og-rita-sicko-2.jpg\" alt=\"1603 svaneke quiltere og rita sicko 2\" width=\"800\" height=\"952\" srcset=\"http:\/\/www.syenlap.dk\/wp-content\/uploads\/2016\/03\/1603-svaneke-quiltere-og-rita-sicko-2.jpg 800w, http:\/\/www.syenlap.dk\/wp-content\/uploads\/2016\/03\/1603-svaneke-quiltere-og-rita-sicko-2-252x300.jpg 252w, http:\/\/www.syenlap.dk\/wp-content\/uploads\/2016\/03\/1603-svaneke-quiltere-og-rita-sicko-2-768x914.jpg 768w\" sizes=\"auto, (max-width: 800px) 100vw, 800px\" \/><br \/>\n<\/a><\/p>\n<p>Rita har quiltet 2 af de 6 t\u00e6pper, som Svaneke Quilterne havde syet sammen for et gammelt medlem, der er kommet p\u00e5 plejehjem, s\u00e5 nu mangler der kun 1 at blive quiltet &#8211; det f\u00e5r Laila lov at g\u00f8re p\u00e5 maskinen, fordi det er en lille smule l\u00f8st i nogle af s\u00f8mmene.<\/p>\n<p>3 t\u00e6pper har Laila quiltet, de venter nu p\u00e5, at jeg syr lukkekant \ud83d\ude09 &#8211; jeg synes, det er ret flot, at vi kan arbejde sammen p\u00e5 denne m\u00e5de og f\u00e5 nogle dejlige t\u00e6pper ud af det.<\/p>\n<p>Og s\u00e5 leger jeg med Diki indimellem &#8211; han skal ikke kede sig, fordi jeg syr!<\/p>\n<p>&nbsp;<\/p>\n","protected":false},"excerpt":{"rendered":"<p>I dag har den st\u00e5et p\u00e5 billedbehandling og syning &#8211; dvs jeg har b\u00e5de sk\u00e5ret stof og er nu ved at sy en lukkekant p\u00e5 et t\u00e6ppe (igen). Rita har quiltet 2 af de 6 t\u00e6pper, som Svaneke Quilterne havde &hellip; <a href=\"http:\/\/www.syenlap.dk\/?p=28505\">L\u00e6s resten <span class=\"meta-nav\">&rarr;<\/span><\/a><\/p>\n","protected":false},"author":2,"featured_media":0,"comment_status":"open","ping_status":"open","sticky":false,"template":"","format":"standard","meta":{"footnotes":""},"categories":[15,69],"tags":[],"class_list":["post-28505","post","type-post","status-publish","format-standard","hentry","category-patchwork","category-puttetaepper-til-born-pa-julemaerkehjem"],"_links":{"self":[{"href":"http:\/\/www.syenlap.dk\/index.php?rest_route=\/wp\/v2\/posts\/28505","targetHints":{"allow":["GET"]}}],"collection":[{"href":"http:\/\/www.syenlap.dk\/index.php?rest_route=\/wp\/v2\/posts"}],"about":[{"href":"http:\/\/www.syenlap.dk\/index.php?rest_route=\/wp\/v2\/types\/post"}],"author":[{"embeddable":true,"href":"http:\/\/www.syenlap.dk\/index.php?rest_route=\/wp\/v2\/users\/2"}],"replies":[{"embeddable":true,"href":"http:\/\/www.syenlap.dk\/index.php?rest_route=%2Fwp%2Fv2%2Fcomments&post=28505"}],"version-history":[{"count":2,"href":"http:\/\/www.syenlap.dk\/index.php?rest_route=\/wp\/v2\/posts\/28505\/revisions"}],"predecessor-version":[{"id":28509,"href":"http:\/\/www.syenlap.dk\/index.php?rest_route=\/wp\/v2\/posts\/28505\/revisions\/28509"}],"wp:attachment":[{"href":"http:\/\/www.syenlap.dk\/index.php?rest_route=%2Fwp%2Fv2%2Fmedia&parent=28505"}],"wp:term":[{"taxonomy":"category","embeddable":true,"href":"http:\/\/www.syenlap.dk\/index.php?rest_route=%2Fwp%2Fv2%2Fcategories&post=28505"},{"taxonomy":"post_tag","embeddable":true,"href":"http:\/\/www.syenlap.dk\/index.php?rest_route=%2Fwp%2Fv2%2Ftags&post=28505"}],"curies":[{"name":"wp","href":"https:\/\/api.w.org\/{rel}","templated":true}]}}