{"id":29453,"date":"2016-06-23T22:33:13","date_gmt":"2016-06-23T20:33:13","guid":{"rendered":"http:\/\/www.syenlap.dk\/?p=29453"},"modified":"2016-06-23T22:33:13","modified_gmt":"2016-06-23T20:33:13","slug":"sct-hans","status":"publish","type":"post","link":"http:\/\/www.syenlap.dk\/?p=29453","title":{"rendered":"Sct. Hans"},"content":{"rendered":"<p>Med det voldsomme regnvejr, der har v\u00e6ret mange steder i DK i aften, kommer jeg til at t\u00e6nke p\u00e5 Sct. Hans aften 1978 &#8211; ja, det er l\u00e6nge siden! &#8211; hvor jeg var p\u00e5 spejderlejr i Gl. Rye med en stor flok minispejdere og juniorspejdere fra Klarup gruppe, hvor jeg var juniorspejderleder. Juniorerne l\u00e5 i telt, og minispejderne sov i hytten, som\u00a0var en stor, dejlig hytte &#8220;Ryekol&#8221;.<\/p>\n<p>Vi skulle slutte lejren dagen efter Sct. Hans og rejse hjem med bus d. 24. Men S\u00f8ren ringede til mig i l\u00f8bet af dagen den 23, og r\u00e5dede os til at pakke teltene sammen og sove i hytten den sidste nat. For mens vi ikke havde radio i lejren, havde han h\u00f8rt vejrudsigten for natten 23.-24., og den var helt forf\u00e6rdelig med masser af regn.<\/p>\n<p>Vi fulgte hans r\u00e5d og pakkede sammen, og det var heldigt, for ellers var vi kommet hjem med meget v\u00e5de telte, og det er meget tr\u00e6ls! De skal t\u00f8rres, og hvem har lyst til at g\u00e5 og passe dem, n\u00e5r lejren er forbi, og man vil holde ferie!<\/p>\n<p>Nu er skoleferien ikke begyndt endnu, s\u00e5 der er nok ikke nogen spejdere, der f\u00e5r v\u00e5de telte i nat &#8211; men noget tyder p\u00e5, at det bliver en meget v\u00e5d nat.<\/p>\n<p>Jeg s\u00e5 S\u00f8ren Ryge k\u00e6mpe sig igennem en s\u00e6rdeles v\u00e5d Sct. Hans aften &#8211; hatten af for ham! Og hatten af for b\u00e5de de gamle og de unge optr\u00e6dende, som ikke lod sig m\u00e6rke med regnvejret. Man kunne godt blive bekymrede for deres helbred.<\/p>\n","protected":false},"excerpt":{"rendered":"<p>Med det voldsomme regnvejr, der har v\u00e6ret mange steder i DK i aften, kommer jeg til at t\u00e6nke p\u00e5 Sct. Hans aften 1978 &#8211; ja, det er l\u00e6nge siden! &#8211; hvor jeg var p\u00e5 spejderlejr i Gl. Rye med en &hellip; <a href=\"http:\/\/www.syenlap.dk\/?p=29453\">L\u00e6s resten <span class=\"meta-nav\">&rarr;<\/span><\/a><\/p>\n","protected":false},"author":2,"featured_media":0,"comment_status":"open","ping_status":"open","sticky":false,"template":"","format":"standard","meta":{"footnotes":""},"categories":[6],"tags":[],"class_list":["post-29453","post","type-post","status-publish","format-standard","hentry","category-forskelligt"],"_links":{"self":[{"href":"http:\/\/www.syenlap.dk\/index.php?rest_route=\/wp\/v2\/posts\/29453","targetHints":{"allow":["GET"]}}],"collection":[{"href":"http:\/\/www.syenlap.dk\/index.php?rest_route=\/wp\/v2\/posts"}],"about":[{"href":"http:\/\/www.syenlap.dk\/index.php?rest_route=\/wp\/v2\/types\/post"}],"author":[{"embeddable":true,"href":"http:\/\/www.syenlap.dk\/index.php?rest_route=\/wp\/v2\/users\/2"}],"replies":[{"embeddable":true,"href":"http:\/\/www.syenlap.dk\/index.php?rest_route=%2Fwp%2Fv2%2Fcomments&post=29453"}],"version-history":[{"count":1,"href":"http:\/\/www.syenlap.dk\/index.php?rest_route=\/wp\/v2\/posts\/29453\/revisions"}],"predecessor-version":[{"id":29454,"href":"http:\/\/www.syenlap.dk\/index.php?rest_route=\/wp\/v2\/posts\/29453\/revisions\/29454"}],"wp:attachment":[{"href":"http:\/\/www.syenlap.dk\/index.php?rest_route=%2Fwp%2Fv2%2Fmedia&parent=29453"}],"wp:term":[{"taxonomy":"category","embeddable":true,"href":"http:\/\/www.syenlap.dk\/index.php?rest_route=%2Fwp%2Fv2%2Fcategories&post=29453"},{"taxonomy":"post_tag","embeddable":true,"href":"http:\/\/www.syenlap.dk\/index.php?rest_route=%2Fwp%2Fv2%2Ftags&post=29453"}],"curies":[{"name":"wp","href":"https:\/\/api.w.org\/{rel}","templated":true}]}}