{"id":29795,"date":"2016-08-09T08:33:16","date_gmt":"2016-08-09T06:33:16","guid":{"rendered":"http:\/\/www.syenlap.dk\/?p=29795"},"modified":"2016-08-09T08:33:16","modified_gmt":"2016-08-09T06:33:16","slug":"mit-sengetaeppe-til-kildemose","status":"publish","type":"post","link":"http:\/\/www.syenlap.dk\/?p=29795","title":{"rendered":"Mit senget\u00e6ppe til Kildemose"},"content":{"rendered":"<p>I Projekt Puttet\u00e6pper syr vi for tiden p\u00e5 senget\u00e6pper til julem\u00e6rkehjemmet Kildemose. De har \u00f8nsket sig senget\u00e6pper til deres 24 nye Tempur boxmadrasser, og der bliver syet s\u00e5 mange, at de ogs\u00e5 har nogle at skifte med, n\u00e5r de skal vaskes &#8211; det er s\u00e5 flot af &#8220;t\u00e6ppetanterne&#8221;.<\/p>\n<p>Her er mit personlige bidrag. Syet af \u00e6ldre stoffer &#8211; m\u00e5ske ikke &#8220;retro&#8221;, men n\u00e6sten &#8211; som jeg havde t\u00e6nkt skulle bruges til et puttet\u00e6ppe, men der var rigeligt til et senget\u00e6ppe.<\/p>\n<p><a href=\"http:\/\/www.syenlap.dk\/?attachment_id=29796\" rel=\"attachment wp-att-29796\"><img loading=\"lazy\" decoding=\"async\" class=\"alignright size-full wp-image-29796\" src=\"http:\/\/www.syenlap.dk\/wp-content\/uploads\/2016\/08\/090816-senget\u00e6ppe-til-kildemose.jpg\" alt=\"090816 senget\u00e6ppe til kildemose\" width=\"800\" height=\"1109\" srcset=\"http:\/\/www.syenlap.dk\/wp-content\/uploads\/2016\/08\/090816-senget\u00e6ppe-til-kildemose.jpg 800w, http:\/\/www.syenlap.dk\/wp-content\/uploads\/2016\/08\/090816-senget\u00e6ppe-til-kildemose-216x300.jpg 216w, http:\/\/www.syenlap.dk\/wp-content\/uploads\/2016\/08\/090816-senget\u00e6ppe-til-kildemose-768x1065.jpg 768w, http:\/\/www.syenlap.dk\/wp-content\/uploads\/2016\/08\/090816-senget\u00e6ppe-til-kildemose-739x1024.jpg 739w\" sizes=\"auto, (max-width: 800px) 100vw, 800px\" \/><\/a><\/p>\n<p>Syet p\u00e5 maskine og quiltet af Lis p\u00e5 long-arm-maskinen p\u00e5 Depotg\u00e5rden.<\/p>\n","protected":false},"excerpt":{"rendered":"<p>I Projekt Puttet\u00e6pper syr vi for tiden p\u00e5 senget\u00e6pper til julem\u00e6rkehjemmet Kildemose. De har \u00f8nsket sig senget\u00e6pper til deres 24 nye Tempur boxmadrasser, og der bliver syet s\u00e5 mange, at de ogs\u00e5 har nogle at skifte med, n\u00e5r de skal &hellip; <a href=\"http:\/\/www.syenlap.dk\/?p=29795\">L\u00e6s resten <span class=\"meta-nav\">&rarr;<\/span><\/a><\/p>\n","protected":false},"author":2,"featured_media":0,"comment_status":"open","ping_status":"open","sticky":false,"template":"","format":"standard","meta":{"footnotes":""},"categories":[15,69],"tags":[],"class_list":["post-29795","post","type-post","status-publish","format-standard","hentry","category-patchwork","category-puttetaepper-til-born-pa-julemaerkehjem"],"_links":{"self":[{"href":"http:\/\/www.syenlap.dk\/index.php?rest_route=\/wp\/v2\/posts\/29795","targetHints":{"allow":["GET"]}}],"collection":[{"href":"http:\/\/www.syenlap.dk\/index.php?rest_route=\/wp\/v2\/posts"}],"about":[{"href":"http:\/\/www.syenlap.dk\/index.php?rest_route=\/wp\/v2\/types\/post"}],"author":[{"embeddable":true,"href":"http:\/\/www.syenlap.dk\/index.php?rest_route=\/wp\/v2\/users\/2"}],"replies":[{"embeddable":true,"href":"http:\/\/www.syenlap.dk\/index.php?rest_route=%2Fwp%2Fv2%2Fcomments&post=29795"}],"version-history":[{"count":1,"href":"http:\/\/www.syenlap.dk\/index.php?rest_route=\/wp\/v2\/posts\/29795\/revisions"}],"predecessor-version":[{"id":29797,"href":"http:\/\/www.syenlap.dk\/index.php?rest_route=\/wp\/v2\/posts\/29795\/revisions\/29797"}],"wp:attachment":[{"href":"http:\/\/www.syenlap.dk\/index.php?rest_route=%2Fwp%2Fv2%2Fmedia&parent=29795"}],"wp:term":[{"taxonomy":"category","embeddable":true,"href":"http:\/\/www.syenlap.dk\/index.php?rest_route=%2Fwp%2Fv2%2Fcategories&post=29795"},{"taxonomy":"post_tag","embeddable":true,"href":"http:\/\/www.syenlap.dk\/index.php?rest_route=%2Fwp%2Fv2%2Ftags&post=29795"}],"curies":[{"name":"wp","href":"https:\/\/api.w.org\/{rel}","templated":true}]}}