{"id":3003,"date":"2009-05-14T22:44:22","date_gmt":"2009-05-14T20:44:22","guid":{"rendered":"http:\/\/www.syenlap.dk\/?p=3003"},"modified":"2009-05-14T22:44:22","modified_gmt":"2009-05-14T20:44:22","slug":"pink","status":"publish","type":"post","link":"http:\/\/www.syenlap.dk\/?p=3003","title":{"rendered":"Pink"},"content":{"rendered":"<p>S\u00f8rens seng st\u00e5r s\u00e5dan, at n\u00e5r jeg tr\u00e6kker persiennerne fra, kan han se dette flotte Paradis\u00e6bletr\u00e6:<\/p>\n<p><img loading=\"lazy\" decoding=\"async\" class=\"aligncenter size-full wp-image-3004\" title=\"pink-paradis\" src=\"http:\/\/www.syenlap.dk\/wp-content\/uploads\/2009\/05\/pink-paradis.jpg\" alt=\"pink-paradis\" width=\"500\" height=\"361\" \/><\/p>\n<p>Det st\u00e5r i skel ind mod bagboen, og S\u00f8ren har selv v\u00e6ret med til at plante det for mange \u00e5r siden, i\u00f8vrigt var der oprindeligt 2. Det er s\u00e5 smukt lige nu, og de gr\u00f8nne tr\u00e6er i &#8220;skoven&#8221; \/ l\u00e6hegnet mod landevejen danner baggrund, n\u00e5r man ser det oppe fra 1. sal, s\u00e5 han ligger og nyder synet!<\/p>\n<p><img loading=\"lazy\" decoding=\"async\" class=\"aligncenter size-full wp-image-3005\" title=\"pink-paradis-2\" src=\"http:\/\/www.syenlap.dk\/wp-content\/uploads\/2009\/05\/pink-paradis-2.jpg\" alt=\"pink-paradis-2\" width=\"500\" height=\"421\" \/><\/p>\n<p>Det er s\u00e5 dejligt, at han har gl\u00e6de af et smukt tr\u00e6, og at han \u00f8nsker sig tarteletter med h\u00f8ns i asparges, eller at han har lyst til at l\u00e6se en bog om Livgarden &#8211; s\u00e5danne ting, som han slet ikke interesserede sig for for bare 2 uger siden, hvor han havde det s\u00e5 skidt. Der er ingen tvivl om, at den \u00e6ndrede medicinering betyder en meget st\u00f8rre livskvalitet!<\/p>\n<p>Og mig giver det ogs\u00e5 gl\u00e6der, det er en forn\u00f8jelse at se glimtet i hans \u00f8jne og at se ham gnide h\u00e6nderne i forventning, n\u00e5r jeg kommer med tarteletterne!<\/p>\n","protected":false},"excerpt":{"rendered":"<p>S\u00f8rens seng st\u00e5r s\u00e5dan, at n\u00e5r jeg tr\u00e6kker persiennerne fra, kan han se dette flotte Paradis\u00e6bletr\u00e6: Det st\u00e5r i skel ind mod bagboen, og S\u00f8ren har selv v\u00e6ret med til at plante det for mange \u00e5r siden, i\u00f8vrigt var der &hellip; <a href=\"http:\/\/www.syenlap.dk\/?p=3003\">L\u00e6s resten <span class=\"meta-nav\">&rarr;<\/span><\/a><\/p>\n","protected":false},"author":2,"featured_media":0,"comment_status":"open","ping_status":"open","sticky":false,"template":"","format":"standard","meta":{"footnotes":""},"categories":[5,8,12],"tags":[],"class_list":["post-3003","post","type-post","status-publish","format-standard","hentry","category-familien","category-haven","category-oplevelser"],"_links":{"self":[{"href":"http:\/\/www.syenlap.dk\/index.php?rest_route=\/wp\/v2\/posts\/3003","targetHints":{"allow":["GET"]}}],"collection":[{"href":"http:\/\/www.syenlap.dk\/index.php?rest_route=\/wp\/v2\/posts"}],"about":[{"href":"http:\/\/www.syenlap.dk\/index.php?rest_route=\/wp\/v2\/types\/post"}],"author":[{"embeddable":true,"href":"http:\/\/www.syenlap.dk\/index.php?rest_route=\/wp\/v2\/users\/2"}],"replies":[{"embeddable":true,"href":"http:\/\/www.syenlap.dk\/index.php?rest_route=%2Fwp%2Fv2%2Fcomments&post=3003"}],"version-history":[{"count":0,"href":"http:\/\/www.syenlap.dk\/index.php?rest_route=\/wp\/v2\/posts\/3003\/revisions"}],"wp:attachment":[{"href":"http:\/\/www.syenlap.dk\/index.php?rest_route=%2Fwp%2Fv2%2Fmedia&parent=3003"}],"wp:term":[{"taxonomy":"category","embeddable":true,"href":"http:\/\/www.syenlap.dk\/index.php?rest_route=%2Fwp%2Fv2%2Fcategories&post=3003"},{"taxonomy":"post_tag","embeddable":true,"href":"http:\/\/www.syenlap.dk\/index.php?rest_route=%2Fwp%2Fv2%2Ftags&post=3003"}],"curies":[{"name":"wp","href":"https:\/\/api.w.org\/{rel}","templated":true}]}}