{"id":3009,"date":"2009-05-15T23:06:30","date_gmt":"2009-05-15T21:06:30","guid":{"rendered":"http:\/\/www.syenlap.dk\/?p=3009"},"modified":"2009-05-15T23:06:30","modified_gmt":"2009-05-15T21:06:30","slug":"vente-vente-vente","status":"publish","type":"post","link":"http:\/\/www.syenlap.dk\/?p=3009","title":{"rendered":"Vente &#8211; vente &#8211; vente"},"content":{"rendered":"<p>Det har v\u00e6ret en meget lang dag i dag, med masser af ventetid! Det er alts\u00e5 rigtigt, at man skal have et godt helbred for at v\u00e6re syg!<\/p>\n<p>S\u00f8ren har v\u00e6ret til scanning og str\u00e5leterapi i \u00c5rhus, det har han v\u00e6ret henvist til i knap 2 m\u00e5neder (han var &#8220;bare&#8221; blevet v\u00e6k undervejs i papirgangen, derfor f\u00f8rst nu). Vi h\u00e5ber, det g\u00e5r, som man regner med, at det vil mindske hans smerter. Vi havde f\u00e5et et n\u00f8jagtigt program over dagens forl\u00f8b, og der var bestilt liggende Falck transport til, at han skulle v\u00e6re der til f\u00f8rste konsultation kl 9.00, derefter scanning med efterf\u00f8lgende tilrettel\u00e6ggelse af, hvor str\u00e5lerne skulle ramme. Dette ville tage nogle timer, og s\u00e5 str\u00e5lingen, der kun tager f\u00e5 minutter.<\/p>\n<p>For at v\u00e6re i \u00c5rhus med Falck kl 9.00, skulle vi holde os klar til afhentning kl. 6.30! S\u00e5 jeg var oppe kl. 5.00 for at lufte Whisky, lave morgenmad, sm\u00f8re lidt mad, som vi havde f\u00e5et besked om at have med foruden l\u00e6sestof (og strikket\u00f8j), hj\u00e6lpe S\u00f8ren med medicin og p\u00e5kl\u00e6dning osv, og selvf\u00f8lgelig blev vi f\u00f8rst hentet kl 8.00, hvilket jeg ogs\u00e5 havde regnet med. Denne gang havde S\u00f8ren f\u00e5et en kvalmepille, s\u00e5 han ikke skulle blive k\u00f8resyg som sidst, og det gik ogs\u00e5 fint. Alle er s\u00e5 s\u00f8de og hj\u00e6lpsomme, og S\u00f8ren fik straks en hvileplads, hvor han tilbragte det meste af dagen, og hvor der ogs\u00e5 var en stol til mig.<\/p>\n<p>De forskellige konsultationer, scanninger og endelig str\u00e5lingen tog ikke lang tid &#8211; men ventetiden indimellem! Og det er jo alle, der venter og venter, i hvilerummet l\u00e5 de fleste der hele dagen, og jeg kunne forst\u00e5, at afh\u00e6ngig af behandlingen er der nogle, der er der 5 dage om ugen &#8211; HELE DAGEN for at f\u00e5 nogle f\u00e5 minutters str\u00e5ling.<\/p>\n<p>Nu kan jeg godt forst\u00e5, hvad min nabo sagde om dengang hun var i str\u00e5lebehandling 5 dage om ugen ialt 30 gange: &#8220;Mit patchwork reddede min forstand!&#8221; Jo, for man slapper af, t\u00e6nker p\u00e5 andre ting, falder til ro, i stedet for at blive irriteret og ut\u00e5lmodig. Jeg fik i hvert fald strikket et stort stykke p\u00e5 h\u00f8nsestrikt\u00e6ppet.<\/p>\n<p>Programmet holdt jo heller ikke, s\u00e5 i stedet for, at S\u00f8ren fik str\u00e5lebehandlingen kl 13.30, blev det kl 15.30, og s\u00e5 ventede vi igen! P\u00e5 Falck, der var bestilt allerede om morgenen, men f\u00f8rst kom kl 17.30. Sygeplejersken, som rykkede, fik den besked, at der kunne g\u00e5 5 timer, for det var fredag! S\u00e5 ved jeg ikke, hvordan vi havde reageret!<\/p>\n<p>Det skal ikke skjules, at vi efterh\u00e5nden, som eftermiddagen gik, ogs\u00e5 sendte bekymrede tanker til vovsen herhjemme! S\u00e5 l\u00e6nge har han aldrig v\u00e6ret alene f\u00f8r, men han er godt nok dygtig! Fra kl 6.00 til 18.00 alene hjemme og ingen mulighed for at komme ud &#8211; og han var bare glad for at se os og der var intet i vejen!<\/p>\n<p>Nu h\u00e5ber vi s\u00e5, at der bliver effekt af behandlingen og at bivirkningerne ikke bliver for slemme de n\u00e6ste dage. Men hvor er jeg glad for, at S\u00f8rens behandling er \u00e9n-dags og ikke 30 dage!<\/p>\n","protected":false},"excerpt":{"rendered":"<p>Det har v\u00e6ret en meget lang dag i dag, med masser af ventetid! Det er alts\u00e5 rigtigt, at man skal have et godt helbred for at v\u00e6re syg! S\u00f8ren har v\u00e6ret til scanning og str\u00e5leterapi i \u00c5rhus, det har han &hellip; <a href=\"http:\/\/www.syenlap.dk\/?p=3009\">L\u00e6s resten <span class=\"meta-nav\">&rarr;<\/span><\/a><\/p>\n","protected":false},"author":2,"featured_media":0,"comment_status":"open","ping_status":"open","sticky":false,"template":"","format":"standard","meta":{"footnotes":""},"categories":[5,18],"tags":[],"class_list":["post-3009","post","type-post","status-publish","format-standard","hentry","category-familien","category-vores-samfund"],"_links":{"self":[{"href":"http:\/\/www.syenlap.dk\/index.php?rest_route=\/wp\/v2\/posts\/3009","targetHints":{"allow":["GET"]}}],"collection":[{"href":"http:\/\/www.syenlap.dk\/index.php?rest_route=\/wp\/v2\/posts"}],"about":[{"href":"http:\/\/www.syenlap.dk\/index.php?rest_route=\/wp\/v2\/types\/post"}],"author":[{"embeddable":true,"href":"http:\/\/www.syenlap.dk\/index.php?rest_route=\/wp\/v2\/users\/2"}],"replies":[{"embeddable":true,"href":"http:\/\/www.syenlap.dk\/index.php?rest_route=%2Fwp%2Fv2%2Fcomments&post=3009"}],"version-history":[{"count":0,"href":"http:\/\/www.syenlap.dk\/index.php?rest_route=\/wp\/v2\/posts\/3009\/revisions"}],"wp:attachment":[{"href":"http:\/\/www.syenlap.dk\/index.php?rest_route=%2Fwp%2Fv2%2Fmedia&parent=3009"}],"wp:term":[{"taxonomy":"category","embeddable":true,"href":"http:\/\/www.syenlap.dk\/index.php?rest_route=%2Fwp%2Fv2%2Fcategories&post=3009"},{"taxonomy":"post_tag","embeddable":true,"href":"http:\/\/www.syenlap.dk\/index.php?rest_route=%2Fwp%2Fv2%2Ftags&post=3009"}],"curies":[{"name":"wp","href":"https:\/\/api.w.org\/{rel}","templated":true}]}}