{"id":30112,"date":"2016-09-20T12:52:00","date_gmt":"2016-09-20T10:52:00","guid":{"rendered":"http:\/\/www.syenlap.dk\/?p=30112"},"modified":"2016-09-20T12:52:00","modified_gmt":"2016-09-20T10:52:00","slug":"endnu-et-quiltet-taeppe-fra-laila","status":"publish","type":"post","link":"http:\/\/www.syenlap.dk\/?p=30112","title":{"rendered":"Endnu et quiltet t\u00e6ppe fra Laila"},"content":{"rendered":"<p>Laila har vist noget, hun skal indhente! Hun har undv\u00e6ret den quiltemaskine i sommer, s\u00e5 nu kan jeg n\u00e6sten ikke f\u00f8lge med!<\/p>\n<p><a href=\"http:\/\/www.syenlap.dk\/?attachment_id=30113\" rel=\"attachment wp-att-30113\"><img loading=\"lazy\" decoding=\"async\" class=\"alignright size-full wp-image-30113\" src=\"http:\/\/www.syenlap.dk\/wp-content\/uploads\/2016\/09\/ingas-senget\u00e6ppe-quiltet.jpg\" alt=\"ingas-sengetaeppe-quiltet\" width=\"600\" height=\"691\" srcset=\"http:\/\/www.syenlap.dk\/wp-content\/uploads\/2016\/09\/ingas-senget\u00e6ppe-quiltet.jpg 600w, http:\/\/www.syenlap.dk\/wp-content\/uploads\/2016\/09\/ingas-senget\u00e6ppe-quiltet-260x300.jpg 260w\" sizes=\"auto, (max-width: 600px) 100vw, 600px\" \/><\/a><\/p>\n<p>Igen i g\u00e5r gik hun i gang med at quilte et senget\u00e6ppe til et julem\u00e6rkehjem, selv om det var min mening, at det kunne v\u00e6re i n\u00e6ste uge? Hun var s\u00e5 hurtig, at jeg f\u00f8rst fik kameraet frem, da hun var ved at pille det af maskinen igen.<\/p>\n<p><a href=\"http:\/\/www.syenlap.dk\/?attachment_id=30114\" rel=\"attachment wp-att-30114\"><img loading=\"lazy\" decoding=\"async\" class=\"alignright size-full wp-image-30114\" src=\"http:\/\/www.syenlap.dk\/wp-content\/uploads\/2016\/09\/ingas-senget\u00e6ppe.jpg\" alt=\"ingas-sengetaeppe\" width=\"800\" height=\"563\" srcset=\"http:\/\/www.syenlap.dk\/wp-content\/uploads\/2016\/09\/ingas-senget\u00e6ppe.jpg 800w, http:\/\/www.syenlap.dk\/wp-content\/uploads\/2016\/09\/ingas-senget\u00e6ppe-300x211.jpg 300w, http:\/\/www.syenlap.dk\/wp-content\/uploads\/2016\/09\/ingas-senget\u00e6ppe-768x540.jpg 768w, http:\/\/www.syenlap.dk\/wp-content\/uploads\/2016\/09\/ingas-senget\u00e6ppe-426x300.jpg 426w\" sizes=\"auto, (max-width: 800px) 100vw, 800px\" \/><\/a><\/p>\n<p>Og hun blev helt f\u00e6rdig! S\u00e5 der nu er endnu en lukkekant for mig at sy, f\u00f8r det er f\u00e6rdigt!<\/p>\n","protected":false},"excerpt":{"rendered":"<p>Laila har vist noget, hun skal indhente! Hun har undv\u00e6ret den quiltemaskine i sommer, s\u00e5 nu kan jeg n\u00e6sten ikke f\u00f8lge med! Igen i g\u00e5r gik hun i gang med at quilte et senget\u00e6ppe til et julem\u00e6rkehjem, selv om det &hellip; <a href=\"http:\/\/www.syenlap.dk\/?p=30112\">L\u00e6s resten <span class=\"meta-nav\">&rarr;<\/span><\/a><\/p>\n","protected":false},"author":2,"featured_media":0,"comment_status":"open","ping_status":"open","sticky":false,"template":"","format":"standard","meta":{"footnotes":""},"categories":[15],"tags":[],"class_list":["post-30112","post","type-post","status-publish","format-standard","hentry","category-patchwork"],"_links":{"self":[{"href":"http:\/\/www.syenlap.dk\/index.php?rest_route=\/wp\/v2\/posts\/30112","targetHints":{"allow":["GET"]}}],"collection":[{"href":"http:\/\/www.syenlap.dk\/index.php?rest_route=\/wp\/v2\/posts"}],"about":[{"href":"http:\/\/www.syenlap.dk\/index.php?rest_route=\/wp\/v2\/types\/post"}],"author":[{"embeddable":true,"href":"http:\/\/www.syenlap.dk\/index.php?rest_route=\/wp\/v2\/users\/2"}],"replies":[{"embeddable":true,"href":"http:\/\/www.syenlap.dk\/index.php?rest_route=%2Fwp%2Fv2%2Fcomments&post=30112"}],"version-history":[{"count":1,"href":"http:\/\/www.syenlap.dk\/index.php?rest_route=\/wp\/v2\/posts\/30112\/revisions"}],"predecessor-version":[{"id":30115,"href":"http:\/\/www.syenlap.dk\/index.php?rest_route=\/wp\/v2\/posts\/30112\/revisions\/30115"}],"wp:attachment":[{"href":"http:\/\/www.syenlap.dk\/index.php?rest_route=%2Fwp%2Fv2%2Fmedia&parent=30112"}],"wp:term":[{"taxonomy":"category","embeddable":true,"href":"http:\/\/www.syenlap.dk\/index.php?rest_route=%2Fwp%2Fv2%2Fcategories&post=30112"},{"taxonomy":"post_tag","embeddable":true,"href":"http:\/\/www.syenlap.dk\/index.php?rest_route=%2Fwp%2Fv2%2Ftags&post=30112"}],"curies":[{"name":"wp","href":"https:\/\/api.w.org\/{rel}","templated":true}]}}