{"id":30116,"date":"2016-09-20T16:19:19","date_gmt":"2016-09-20T14:19:19","guid":{"rendered":"http:\/\/www.syenlap.dk\/?p=30116"},"modified":"2016-09-20T16:19:19","modified_gmt":"2016-09-20T14:19:19","slug":"nedtaelling-2","status":"publish","type":"post","link":"http:\/\/www.syenlap.dk\/?p=30116","title":{"rendered":"Nedt\u00e6lling&#8230;"},"content":{"rendered":"<p>&#8230;til weekendens Strikkefestival i Webstrikkerne. Jeg er n\u00f8dt til at skrive ned, for der er efterh\u00e5nden mange tr\u00e5de at samle, og mange ting, jeg skal huske!<\/p>\n<p>Jeg har involveret mig (ligesom for 4 \u00e5r siden), fordi de, der havde meldt sig som arrang\u00f8rer, har meldt fra. Der var kun \u00e9n tilbage &#8211; heldigvis den \u00f8konomi-ansvarlige &#8211; s\u00e5 det kneb med forslag til aktiviteter, et skriftligt program at holde sig til mm.<\/p>\n<p>Men det er p\u00e5 plads nu, og det ser ud til, at der er opbakning til forslagene, fra mig og andre, s\u00e5 jeg tror p\u00e5, at det bliver lige s\u00e5 hyggeligt, som det plejer at v\u00e6re.<\/p>\n<p>Min v\u00e6relseskammerat har v\u00e6ret s\u00e5 fornuftig at kontakte vandrerhjemmet for en aftale om et v\u00e6relse med senge p\u00e5 gulvet, s\u00e5 ingen af os skal kravle op i en k\u00f8je! Det er jeg i hvert fald blevet for gammel til!<\/p>\n<p>Jeg har aldrig v\u00e6ret p\u00e5 den store strikkefestival p\u00e5 Fan\u00f8, som fandt sted sidste weekend. Jeg tror, det er v\u00e6ldig flot og inspirerende, men alt for stort for min smag. Jeg kan godt lide, at vi er en flok &#8211; typisk mellem 40 og 70 &#8211; strikkere, der hygger sig sammen, snakker, strikker &#8211; strikker &#8211; strikker &#8211; spiser god mad og strikker igen. En hel weekend, og s\u00e5 med sm\u00e5 sjove aktiviteter indlagt, samt et butiksbes\u00f8g, hvis nogen har lyst.<\/p>\n<p>Jeg har valgt at k\u00f8re derover, fordi jeg synes, det er uoverskueligt at tage med toget med den blandede bagage, jeg skal have med. Og der er da ogs\u00e5 et par stykker, der gerne vil k\u00f8re med mig.<\/p>\n<p>Og Diki? Nej han skal selvf\u00f8lgelig ikke med. Han har sin velkendte reservefamilie, og der trives han fint!<\/p>\n","protected":false},"excerpt":{"rendered":"<p>&#8230;til weekendens Strikkefestival i Webstrikkerne. Jeg er n\u00f8dt til at skrive ned, for der er efterh\u00e5nden mange tr\u00e5de at samle, og mange ting, jeg skal huske! Jeg har involveret mig (ligesom for 4 \u00e5r siden), fordi de, der havde meldt &hellip; <a href=\"http:\/\/www.syenlap.dk\/?p=30116\">L\u00e6s resten <span class=\"meta-nav\">&rarr;<\/span><\/a><\/p>\n","protected":false},"author":2,"featured_media":0,"comment_status":"open","ping_status":"open","sticky":false,"template":"","format":"standard","meta":{"footnotes":""},"categories":[16],"tags":[],"class_list":["post-30116","post","type-post","status-publish","format-standard","hentry","category-strik"],"_links":{"self":[{"href":"http:\/\/www.syenlap.dk\/index.php?rest_route=\/wp\/v2\/posts\/30116","targetHints":{"allow":["GET"]}}],"collection":[{"href":"http:\/\/www.syenlap.dk\/index.php?rest_route=\/wp\/v2\/posts"}],"about":[{"href":"http:\/\/www.syenlap.dk\/index.php?rest_route=\/wp\/v2\/types\/post"}],"author":[{"embeddable":true,"href":"http:\/\/www.syenlap.dk\/index.php?rest_route=\/wp\/v2\/users\/2"}],"replies":[{"embeddable":true,"href":"http:\/\/www.syenlap.dk\/index.php?rest_route=%2Fwp%2Fv2%2Fcomments&post=30116"}],"version-history":[{"count":2,"href":"http:\/\/www.syenlap.dk\/index.php?rest_route=\/wp\/v2\/posts\/30116\/revisions"}],"predecessor-version":[{"id":30118,"href":"http:\/\/www.syenlap.dk\/index.php?rest_route=\/wp\/v2\/posts\/30116\/revisions\/30118"}],"wp:attachment":[{"href":"http:\/\/www.syenlap.dk\/index.php?rest_route=%2Fwp%2Fv2%2Fmedia&parent=30116"}],"wp:term":[{"taxonomy":"category","embeddable":true,"href":"http:\/\/www.syenlap.dk\/index.php?rest_route=%2Fwp%2Fv2%2Fcategories&post=30116"},{"taxonomy":"post_tag","embeddable":true,"href":"http:\/\/www.syenlap.dk\/index.php?rest_route=%2Fwp%2Fv2%2Ftags&post=30116"}],"curies":[{"name":"wp","href":"https:\/\/api.w.org\/{rel}","templated":true}]}}