{"id":30119,"date":"2016-09-21T17:06:18","date_gmt":"2016-09-21T15:06:18","guid":{"rendered":"http:\/\/www.syenlap.dk\/?p=30119"},"modified":"2016-09-21T17:07:36","modified_gmt":"2016-09-21T15:07:36","slug":"dygtige-diki","status":"publish","type":"post","link":"http:\/\/www.syenlap.dk\/?p=30119","title":{"rendered":"Dygtige Diki!"},"content":{"rendered":"<p>Jeg lagde m\u00e6rke til forleden dag, at jeg kunne h\u00f8re Dikis kl\u00f8er p\u00e5 tr\u00e6gulvet &#8211; \u00f8v ja, de var blevet alt for lange, uden at jeg havde lagt m\u00e6rke til det. Det m\u00e5tte der g\u00f8res noget ved, og det er s\u00e5 heldigt, at hos mine dyrl\u00e6ger er det gratis at f\u00e5 klippet kl\u00f8er, n\u00e5r hunden er forsikret! Jeg har ingen anelse om, hvordan det h\u00e6nger sammen, men det benytter jeg mig selvf\u00f8lgelig af.<\/p>\n<p>S\u00e5 selv om Diki snart skal have klippet sin pelspragt, og samtidig f\u00e5r klippet kl\u00f8er, s\u00e5 syntes jeg, at jeg svigtede ham lidt ved ikke at have lagt m\u00e6rke til kl\u00f8ernes l\u00e6ngde, man ser dem ikke pga af den kraftige pels, han har.<\/p>\n<p>S\u00e5 vi havde aftalt tid i dag, og det gik bare s\u00e5 fint! Han er ikke begejstret, men med mine arme omkring sig, finder han sig i det (han ville hoppe ned af briksen, hvis jeg ikke holdt om ham). Kl\u00f8erne var godt nok lange, og veterin\u00e6rsygeplejersken syntes, at vi skulle komme igen om en m\u00e5ned, s\u00e5 kunne hun klippe lidt mere.<\/p>\n<p>Han er bare en lille skat, og nu har min samvittighed det bedre! Forresten benyttede jeg lige lejligheden til at f\u00e5 ham op v\u00e6gten hos dyrl\u00e6gen, og han vejer det samme, selv om jeg synes, han fylder lidt mere, men det er nok pelsen. Han er lidt for tyk &#8211; det ved jeg godt &#8211; men 10.4 kg er kun lidt for meget for hans art.<\/p>\n","protected":false},"excerpt":{"rendered":"<p>Jeg lagde m\u00e6rke til forleden dag, at jeg kunne h\u00f8re Dikis kl\u00f8er p\u00e5 tr\u00e6gulvet &#8211; \u00f8v ja, de var blevet alt for lange, uden at jeg havde lagt m\u00e6rke til det. Det m\u00e5tte der g\u00f8res noget ved, og det er &hellip; <a href=\"http:\/\/www.syenlap.dk\/?p=30119\">L\u00e6s resten <span class=\"meta-nav\">&rarr;<\/span><\/a><\/p>\n","protected":false},"author":2,"featured_media":0,"comment_status":"open","ping_status":"open","sticky":false,"template":"","format":"standard","meta":{"footnotes":""},"categories":[68,4],"tags":[],"class_list":["post-30119","post","type-post","status-publish","format-standard","hentry","category-de-sma-glaeder","category-dyr"],"_links":{"self":[{"href":"http:\/\/www.syenlap.dk\/index.php?rest_route=\/wp\/v2\/posts\/30119","targetHints":{"allow":["GET"]}}],"collection":[{"href":"http:\/\/www.syenlap.dk\/index.php?rest_route=\/wp\/v2\/posts"}],"about":[{"href":"http:\/\/www.syenlap.dk\/index.php?rest_route=\/wp\/v2\/types\/post"}],"author":[{"embeddable":true,"href":"http:\/\/www.syenlap.dk\/index.php?rest_route=\/wp\/v2\/users\/2"}],"replies":[{"embeddable":true,"href":"http:\/\/www.syenlap.dk\/index.php?rest_route=%2Fwp%2Fv2%2Fcomments&post=30119"}],"version-history":[{"count":5,"href":"http:\/\/www.syenlap.dk\/index.php?rest_route=\/wp\/v2\/posts\/30119\/revisions"}],"predecessor-version":[{"id":30124,"href":"http:\/\/www.syenlap.dk\/index.php?rest_route=\/wp\/v2\/posts\/30119\/revisions\/30124"}],"wp:attachment":[{"href":"http:\/\/www.syenlap.dk\/index.php?rest_route=%2Fwp%2Fv2%2Fmedia&parent=30119"}],"wp:term":[{"taxonomy":"category","embeddable":true,"href":"http:\/\/www.syenlap.dk\/index.php?rest_route=%2Fwp%2Fv2%2Fcategories&post=30119"},{"taxonomy":"post_tag","embeddable":true,"href":"http:\/\/www.syenlap.dk\/index.php?rest_route=%2Fwp%2Fv2%2Ftags&post=30119"}],"curies":[{"name":"wp","href":"https:\/\/api.w.org\/{rel}","templated":true}]}}