{"id":30200,"date":"2016-09-30T13:21:44","date_gmt":"2016-09-30T11:21:44","guid":{"rendered":"http:\/\/www.syenlap.dk\/?p=30200"},"modified":"2016-09-30T13:21:44","modified_gmt":"2016-09-30T11:21:44","slug":"middag-i-faelleshuset-2","status":"publish","type":"post","link":"http:\/\/www.syenlap.dk\/?p=30200","title":{"rendered":"Middag i F\u00e6lleshuset"},"content":{"rendered":"<p>Her er d\u00e6kket op til s\u00e6sonens f\u00f8rste middag i F\u00e6lleshuset i Andelsboligforeningen Ussinggaard:<\/p>\n<p><a href=\"http:\/\/www.syenlap.dk\/?attachment_id=30201\" rel=\"attachment wp-att-30201\"><img loading=\"lazy\" decoding=\"async\" class=\"alignright size-full wp-image-30201\" src=\"http:\/\/www.syenlap.dk\/wp-content\/uploads\/2016\/09\/f\u00e6lleshuset-d\u00e6kket-op-2.jpg\" alt=\"faelleshuset-daekket-op-2\" width=\"800\" height=\"1067\" srcset=\"http:\/\/www.syenlap.dk\/wp-content\/uploads\/2016\/09\/f\u00e6lleshuset-d\u00e6kket-op-2.jpg 800w, http:\/\/www.syenlap.dk\/wp-content\/uploads\/2016\/09\/f\u00e6lleshuset-d\u00e6kket-op-2-225x300.jpg 225w, http:\/\/www.syenlap.dk\/wp-content\/uploads\/2016\/09\/f\u00e6lleshuset-d\u00e6kket-op-2-768x1024.jpg 768w\" sizes=\"auto, (max-width: 800px) 100vw, 800px\" \/><\/a>Det var nyt for os, at vi m\u00e5 undv\u00e6re vores mange\u00e5rige kogekone, hun valgte at g\u00e5 p\u00e5 pension f\u00f8r sommerferien. S\u00e5 vi f\u00e5r nu maden fra <a href=\"http:\/\/www.lucullus.dk\/\">Lucullus<\/a> i Fredericia, og det var jo sp\u00e6ndende, hvordan det var. Vi er forel\u00f8big meget tilfredse, det var dejlig mad.<\/p>\n<p><a href=\"http:\/\/www.syenlap.dk\/?attachment_id=30202\" rel=\"attachment wp-att-30202\"><img loading=\"lazy\" decoding=\"async\" class=\"alignright size-full wp-image-30202\" src=\"http:\/\/www.syenlap.dk\/wp-content\/uploads\/2016\/09\/f\u00e6lleshuset-d\u00e6kket-op-1.jpg\" alt=\"faelleshuset-daekket-op-1\" width=\"800\" height=\"600\" srcset=\"http:\/\/www.syenlap.dk\/wp-content\/uploads\/2016\/09\/f\u00e6lleshuset-d\u00e6kket-op-1.jpg 800w, http:\/\/www.syenlap.dk\/wp-content\/uploads\/2016\/09\/f\u00e6lleshuset-d\u00e6kket-op-1-300x225.jpg 300w, http:\/\/www.syenlap.dk\/wp-content\/uploads\/2016\/09\/f\u00e6lleshuset-d\u00e6kket-op-1-768x576.jpg 768w, http:\/\/www.syenlap.dk\/wp-content\/uploads\/2016\/09\/f\u00e6lleshuset-d\u00e6kket-op-1-400x300.jpg 400w\" sizes=\"auto, (max-width: 800px) 100vw, 800px\" \/><\/a>Vi har lavet lidt om p\u00e5 det praktiske, hvor der f\u00f8r har v\u00e6ret 2 af os p\u00e5 skift, der d\u00e6kker bord, serverer og rydder op mm, er vi nu 3, og det fungerer fint.<\/p>\n<p>Jeg har p\u00e5 opfordring h\u00e6ngt nogle af mine t\u00e6pper op som <a href=\"http:\/\/www.syenlap.dk\/?p=29122\">udsmykning<\/a>, og det virker godt, ogs\u00e5 som afhj\u00e6lpning af en lidt d\u00e5rlig akustik. Det forlyder, at de af mine naboer, der har brugt lokalerne til private arrangementer i sommerens l\u00f8b, h\u00f8ster roser for t\u00e6pperne, s\u00e5 det er jo dejligt!<\/p>\n","protected":false},"excerpt":{"rendered":"<p>Her er d\u00e6kket op til s\u00e6sonens f\u00f8rste middag i F\u00e6lleshuset i Andelsboligforeningen Ussinggaard: Det var nyt for os, at vi m\u00e5 undv\u00e6re vores mange\u00e5rige kogekone, hun valgte at g\u00e5 p\u00e5 pension f\u00f8r sommerferien. S\u00e5 vi f\u00e5r nu maden fra Lucullus &hellip; <a href=\"http:\/\/www.syenlap.dk\/?p=30200\">L\u00e6s resten <span class=\"meta-nav\">&rarr;<\/span><\/a><\/p>\n","protected":false},"author":2,"featured_media":0,"comment_status":"open","ping_status":"open","sticky":false,"template":"","format":"standard","meta":{"footnotes":""},"categories":[68],"tags":[],"class_list":["post-30200","post","type-post","status-publish","format-standard","hentry","category-de-sma-glaeder"],"_links":{"self":[{"href":"http:\/\/www.syenlap.dk\/index.php?rest_route=\/wp\/v2\/posts\/30200","targetHints":{"allow":["GET"]}}],"collection":[{"href":"http:\/\/www.syenlap.dk\/index.php?rest_route=\/wp\/v2\/posts"}],"about":[{"href":"http:\/\/www.syenlap.dk\/index.php?rest_route=\/wp\/v2\/types\/post"}],"author":[{"embeddable":true,"href":"http:\/\/www.syenlap.dk\/index.php?rest_route=\/wp\/v2\/users\/2"}],"replies":[{"embeddable":true,"href":"http:\/\/www.syenlap.dk\/index.php?rest_route=%2Fwp%2Fv2%2Fcomments&post=30200"}],"version-history":[{"count":3,"href":"http:\/\/www.syenlap.dk\/index.php?rest_route=\/wp\/v2\/posts\/30200\/revisions"}],"predecessor-version":[{"id":30205,"href":"http:\/\/www.syenlap.dk\/index.php?rest_route=\/wp\/v2\/posts\/30200\/revisions\/30205"}],"wp:attachment":[{"href":"http:\/\/www.syenlap.dk\/index.php?rest_route=%2Fwp%2Fv2%2Fmedia&parent=30200"}],"wp:term":[{"taxonomy":"category","embeddable":true,"href":"http:\/\/www.syenlap.dk\/index.php?rest_route=%2Fwp%2Fv2%2Fcategories&post=30200"},{"taxonomy":"post_tag","embeddable":true,"href":"http:\/\/www.syenlap.dk\/index.php?rest_route=%2Fwp%2Fv2%2Ftags&post=30200"}],"curies":[{"name":"wp","href":"https:\/\/api.w.org\/{rel}","templated":true}]}}