{"id":30229,"date":"2016-10-02T09:40:41","date_gmt":"2016-10-02T07:40:41","guid":{"rendered":"http:\/\/www.syenlap.dk\/?p=30229"},"modified":"2016-10-02T09:41:31","modified_gmt":"2016-10-02T07:41:31","slug":"nyt-strikketoej-igen","status":"publish","type":"post","link":"http:\/\/www.syenlap.dk\/?p=30229","title":{"rendered":"Nyt strikket\u00f8j &#8211; igen?"},"content":{"rendered":"<p>Jeg ved, at jeg ikke er alene! Jeg kan ikke modst\u00e5 fristelsen til at begynde p\u00e5 et nyt strikket\u00f8j, selv om jeg har flere i gang i forvejen! Jeg ved ikke, hvorfor den &#8220;afh\u00e6ngighed&#8221; ligger i mange inkarnerede strikkere, men det g\u00f8r den.<\/p>\n<p><img loading=\"lazy\" decoding=\"async\" class=\"attachment-848x1024 \" src=\"http:\/\/www.syenlap.dk\/wp-content\/uploads\/2016\/09\/chrysanthemum-sjal.jpg\" sizes=\"auto, (max-width: 800px) 100vw, 800px\" srcset=\"http:\/\/www.syenlap.dk\/wp-content\/uploads\/2016\/09\/chrysanthemum-sjal.jpg 800w, http:\/\/www.syenlap.dk\/wp-content\/uploads\/2016\/09\/chrysanthemum-sjal-300x233.jpg 300w, http:\/\/www.syenlap.dk\/wp-content\/uploads\/2016\/09\/chrysanthemum-sjal-768x595.jpg 768w, http:\/\/www.syenlap.dk\/wp-content\/uploads\/2016\/09\/chrysanthemum-sjal-387x300.jpg 387w\" alt=\"chrysanthemum-sjal\" width=\"420\" height=\"328\" \/><\/p>\n<p>Da jeg bes\u00f8gte G\u00e5rdbutikken Katrinelund forleden, faldt jeg pladask for dette smukke sjal, strikket i et ualmindelig l\u00e6kkert garn fra Filcolana, hvor de 2 farver i den grad spiller med hinanden.<\/p>\n<p><a href=\"http:\/\/www.syenlap.dk\/?attachment_id=30231\" rel=\"attachment wp-att-30231\"><img loading=\"lazy\" decoding=\"async\" class=\"alignright size-full wp-image-30231\" src=\"http:\/\/www.syenlap.dk\/wp-content\/uploads\/2016\/10\/garn-1.jpg\" alt=\"garn-1\" width=\"800\" height=\"939\" srcset=\"http:\/\/www.syenlap.dk\/wp-content\/uploads\/2016\/10\/garn-1.jpg 800w, http:\/\/www.syenlap.dk\/wp-content\/uploads\/2016\/10\/garn-1-256x300.jpg 256w, http:\/\/www.syenlap.dk\/wp-content\/uploads\/2016\/10\/garn-1-768x901.jpg 768w\" sizes=\"auto, (max-width: 800px) 100vw, 800px\" \/><\/a> <a href=\"http:\/\/www.syenlap.dk\/?attachment_id=30232\" rel=\"attachment wp-att-30232\"><img loading=\"lazy\" decoding=\"async\" class=\"alignright size-full wp-image-30232\" src=\"http:\/\/www.syenlap.dk\/wp-content\/uploads\/2016\/10\/garn-2.jpg\" alt=\"garn-2\" width=\"800\" height=\"678\" srcset=\"http:\/\/www.syenlap.dk\/wp-content\/uploads\/2016\/10\/garn-2.jpg 800w, http:\/\/www.syenlap.dk\/wp-content\/uploads\/2016\/10\/garn-2-300x254.jpg 300w, http:\/\/www.syenlap.dk\/wp-content\/uploads\/2016\/10\/garn-2-768x651.jpg 768w, http:\/\/www.syenlap.dk\/wp-content\/uploads\/2016\/10\/garn-2-354x300.jpg 354w\" sizes=\"auto, (max-width: 800px) 100vw, 800px\" \/><\/a><\/p>\n<p>S\u00e5 jeg har vundet det flotte multifarvede garn op og er i gang &#8211; det er l\u00e6kkert, kan jeg godt r\u00f8be! &#8211; sammen med det ensfarvede lys-gr\u00e5-gr\u00f8nne.<\/p>\n<p>Det betyder ikke, at andre strikket\u00f8jer &#8220;d\u00f8r&#8221; &#8211; nej jeg skifter imellem dem, og s\u00e5 kan nogle tage l\u00e6ngere tid end andre \ud83d\ude09<\/p>\n<p>&nbsp;<\/p>\n","protected":false},"excerpt":{"rendered":"<p>Jeg ved, at jeg ikke er alene! Jeg kan ikke modst\u00e5 fristelsen til at begynde p\u00e5 et nyt strikket\u00f8j, selv om jeg har flere i gang i forvejen! Jeg ved ikke, hvorfor den &#8220;afh\u00e6ngighed&#8221; ligger i mange inkarnerede strikkere, men &hellip; <a href=\"http:\/\/www.syenlap.dk\/?p=30229\">L\u00e6s resten <span class=\"meta-nav\">&rarr;<\/span><\/a><\/p>\n","protected":false},"author":2,"featured_media":0,"comment_status":"open","ping_status":"open","sticky":false,"template":"","format":"standard","meta":{"footnotes":""},"categories":[68,16],"tags":[],"class_list":["post-30229","post","type-post","status-publish","format-standard","hentry","category-de-sma-glaeder","category-strik"],"_links":{"self":[{"href":"http:\/\/www.syenlap.dk\/index.php?rest_route=\/wp\/v2\/posts\/30229","targetHints":{"allow":["GET"]}}],"collection":[{"href":"http:\/\/www.syenlap.dk\/index.php?rest_route=\/wp\/v2\/posts"}],"about":[{"href":"http:\/\/www.syenlap.dk\/index.php?rest_route=\/wp\/v2\/types\/post"}],"author":[{"embeddable":true,"href":"http:\/\/www.syenlap.dk\/index.php?rest_route=\/wp\/v2\/users\/2"}],"replies":[{"embeddable":true,"href":"http:\/\/www.syenlap.dk\/index.php?rest_route=%2Fwp%2Fv2%2Fcomments&post=30229"}],"version-history":[{"count":3,"href":"http:\/\/www.syenlap.dk\/index.php?rest_route=\/wp\/v2\/posts\/30229\/revisions"}],"predecessor-version":[{"id":30234,"href":"http:\/\/www.syenlap.dk\/index.php?rest_route=\/wp\/v2\/posts\/30229\/revisions\/30234"}],"wp:attachment":[{"href":"http:\/\/www.syenlap.dk\/index.php?rest_route=%2Fwp%2Fv2%2Fmedia&parent=30229"}],"wp:term":[{"taxonomy":"category","embeddable":true,"href":"http:\/\/www.syenlap.dk\/index.php?rest_route=%2Fwp%2Fv2%2Fcategories&post=30229"},{"taxonomy":"post_tag","embeddable":true,"href":"http:\/\/www.syenlap.dk\/index.php?rest_route=%2Fwp%2Fv2%2Ftags&post=30229"}],"curies":[{"name":"wp","href":"https:\/\/api.w.org\/{rel}","templated":true}]}}