{"id":30235,"date":"2016-10-02T23:07:51","date_gmt":"2016-10-02T21:07:51","guid":{"rendered":"http:\/\/www.syenlap.dk\/?p=30235"},"modified":"2016-10-02T23:09:29","modified_gmt":"2016-10-02T21:09:29","slug":"tibbe-traef-og-udstilling","status":"publish","type":"post","link":"http:\/\/www.syenlap.dk\/?p=30235","title":{"rendered":"Tibbe-tr\u00e6f og udstilling"},"content":{"rendered":"<p>Diki var med datteren og mig til udstilling i Tibetanerklubben i \u00c5rslev i dag. Diki udstiller jo ikke, og det g\u00f8r Bodil og BeBe heller ikke, men det er hyggeligt at tr\u00e6ffe s\u00e5 mange andre hunde af samme race &#8211; disse vidunderlige, flotte, lidt &#8220;sk\u00f8re&#8221; hunde &#8211; og hygge sig med dem og deres ejere.<\/p>\n<p><a href=\"http:\/\/www.syenlap.dk\/?attachment_id=30238\" rel=\"attachment wp-att-30238\"><img loading=\"lazy\" decoding=\"async\" class=\"alignright size-full wp-image-30238\" src=\"http:\/\/www.syenlap.dk\/wp-content\/uploads\/2016\/10\/tibbetr\u00e6f-3-susan-og-lukla.jpg\" alt=\"tibbetraef-3-susan-og-lukla\" width=\"800\" height=\"490\" srcset=\"http:\/\/www.syenlap.dk\/wp-content\/uploads\/2016\/10\/tibbetr\u00e6f-3-susan-og-lukla.jpg 800w, http:\/\/www.syenlap.dk\/wp-content\/uploads\/2016\/10\/tibbetr\u00e6f-3-susan-og-lukla-300x184.jpg 300w, http:\/\/www.syenlap.dk\/wp-content\/uploads\/2016\/10\/tibbetr\u00e6f-3-susan-og-lukla-768x470.jpg 768w, http:\/\/www.syenlap.dk\/wp-content\/uploads\/2016\/10\/tibbetr\u00e6f-3-susan-og-lukla-490x300.jpg 490w\" sizes=\"auto, (max-width: 800px) 100vw, 800px\" \/><\/a><\/p>\n<p>Blandt dem var Dikis mor Lukla og opdr\u00e6tter Susan, der klarede sig rigtig godt i ringen og fik fine placeringer.<\/p>\n<p><a href=\"http:\/\/www.syenlap.dk\/?attachment_id=30240\" rel=\"attachment wp-att-30240\"><img loading=\"lazy\" decoding=\"async\" class=\"alignright size-full wp-image-30240\" src=\"http:\/\/www.syenlap.dk\/wp-content\/uploads\/2016\/10\/tibbetr\u00e6f-5.jpg\" alt=\"tibbetraef-5\" width=\"600\" height=\"469\" srcset=\"http:\/\/www.syenlap.dk\/wp-content\/uploads\/2016\/10\/tibbetr\u00e6f-5.jpg 600w, http:\/\/www.syenlap.dk\/wp-content\/uploads\/2016\/10\/tibbetr\u00e6f-5-300x235.jpg 300w, http:\/\/www.syenlap.dk\/wp-content\/uploads\/2016\/10\/tibbetr\u00e6f-5-384x300.jpg 384w\" sizes=\"auto, (max-width: 600px) 100vw, 600px\" \/><\/a><\/p>\n<p>Det er slet ikke mig at l\u00f8be rundt i en ring, eller at style hunden op med den lange pels &#8211; men de er da flotte at se p\u00e5, og det virker ogs\u00e5 som om hundene synes, det er sp\u00e6ndende og g\u00f8r sig umage med at g\u00e5 og l\u00f8be flot. Som regel!<\/p>\n<p><a href=\"http:\/\/www.syenlap.dk\/?attachment_id=30239\" rel=\"attachment wp-att-30239\"><img loading=\"lazy\" decoding=\"async\" class=\"alignright size-full wp-image-30239\" src=\"http:\/\/www.syenlap.dk\/wp-content\/uploads\/2016\/10\/tibbetr\u00e6f-4-ring.jpg\" alt=\"tibbetraef-4-ring\" width=\"800\" height=\"443\" srcset=\"http:\/\/www.syenlap.dk\/wp-content\/uploads\/2016\/10\/tibbetr\u00e6f-4-ring.jpg 800w, http:\/\/www.syenlap.dk\/wp-content\/uploads\/2016\/10\/tibbetr\u00e6f-4-ring-300x166.jpg 300w, http:\/\/www.syenlap.dk\/wp-content\/uploads\/2016\/10\/tibbetr\u00e6f-4-ring-768x425.jpg 768w, http:\/\/www.syenlap.dk\/wp-content\/uploads\/2016\/10\/tibbetr\u00e6f-4-ring-500x277.jpg 500w\" sizes=\"auto, (max-width: 800px) 100vw, 800px\" \/><\/a><\/p>\n<p>Og tilskuerne beundrer og applauderer flittigt, n\u00e5r r\u00e6kkef\u00f8lgen bliver pr\u00e6senteret.<\/p>\n<p><a href=\"http:\/\/www.syenlap.dk\/?attachment_id=30237\" rel=\"attachment wp-att-30237\"><img loading=\"lazy\" decoding=\"async\" class=\"alignright size-full wp-image-30237\" src=\"http:\/\/www.syenlap.dk\/wp-content\/uploads\/2016\/10\/tibbetr\u00e6f-2-diki-og-mejse.jpg\" alt=\"tibbetraef-2-diki-og-mejse\" width=\"600\" height=\"444\" srcset=\"http:\/\/www.syenlap.dk\/wp-content\/uploads\/2016\/10\/tibbetr\u00e6f-2-diki-og-mejse.jpg 600w, http:\/\/www.syenlap.dk\/wp-content\/uploads\/2016\/10\/tibbetr\u00e6f-2-diki-og-mejse-300x222.jpg 300w, http:\/\/www.syenlap.dk\/wp-content\/uploads\/2016\/10\/tibbetr\u00e6f-2-diki-og-mejse-405x300.jpg 405w\" sizes=\"auto, (max-width: 600px) 100vw, 600px\" \/><\/a><\/p>\n<p>Diki syntes, det var sp\u00e6ndende med alle de andre Tibber &#8211; ikke mindst den bed\u00e5rende lille hvalp Mejse, som vi sad ved siden af, og som ogs\u00e5 var i ringen sammen med andre Tibbe-babyer.<\/p>\n<p><a href=\"http:\/\/www.syenlap.dk\/?attachment_id=30236\" rel=\"attachment wp-att-30236\"><img loading=\"lazy\" decoding=\"async\" class=\"alignright size-full wp-image-30236\" src=\"http:\/\/www.syenlap.dk\/wp-content\/uploads\/2016\/10\/tibbetr\u00e6f-1.jpg\" alt=\"tibbetraef-1\" width=\"800\" height=\"487\" srcset=\"http:\/\/www.syenlap.dk\/wp-content\/uploads\/2016\/10\/tibbetr\u00e6f-1.jpg 800w, http:\/\/www.syenlap.dk\/wp-content\/uploads\/2016\/10\/tibbetr\u00e6f-1-300x183.jpg 300w, http:\/\/www.syenlap.dk\/wp-content\/uploads\/2016\/10\/tibbetr\u00e6f-1-768x468.jpg 768w, http:\/\/www.syenlap.dk\/wp-content\/uploads\/2016\/10\/tibbetr\u00e6f-1-493x300.jpg 493w\" sizes=\"auto, (max-width: 800px) 100vw, 800px\" \/><\/a><\/p>\n<p>Og ellers fik datteren lov at v\u00e6re hundesitter, mens jeg fotograferede &#8211; men han holdt godt \u00f8je med, hvorn\u00e5r jeg kom igen!<\/p>\n<p>I\u00f8vrigt havde Susan arrangeret en helt s\u00e6rlig velg\u00f8rende aktivitet, hvor f\u00f8rst og fremmest hun selv, men ogs\u00e5 andre satte forskellige ting til salg til fordel for CAT-center i Nepal, der tager sig af gadehunde. Det fik god st\u00f8tte, s\u00e5 der kom 2300 kr i kassen! Jeg k\u00f8bte hjemmebagte hundekiks, og datteren satte en masse af sine fine malede sten til salg til form\u00e5let! Det var en god dag.<\/p>\n<p>&nbsp;<\/p>\n<p>&nbsp;<\/p>\n","protected":false},"excerpt":{"rendered":"<p>Diki var med datteren og mig til udstilling i Tibetanerklubben i \u00c5rslev i dag. Diki udstiller jo ikke, og det g\u00f8r Bodil og BeBe heller ikke, men det er hyggeligt at tr\u00e6ffe s\u00e5 mange andre hunde af samme race &#8211; &hellip; <a href=\"http:\/\/www.syenlap.dk\/?p=30235\">L\u00e6s resten <span class=\"meta-nav\">&rarr;<\/span><\/a><\/p>\n","protected":false},"author":2,"featured_media":0,"comment_status":"open","ping_status":"open","sticky":false,"template":"","format":"standard","meta":{"footnotes":""},"categories":[68,4],"tags":[],"class_list":["post-30235","post","type-post","status-publish","format-standard","hentry","category-de-sma-glaeder","category-dyr"],"_links":{"self":[{"href":"http:\/\/www.syenlap.dk\/index.php?rest_route=\/wp\/v2\/posts\/30235","targetHints":{"allow":["GET"]}}],"collection":[{"href":"http:\/\/www.syenlap.dk\/index.php?rest_route=\/wp\/v2\/posts"}],"about":[{"href":"http:\/\/www.syenlap.dk\/index.php?rest_route=\/wp\/v2\/types\/post"}],"author":[{"embeddable":true,"href":"http:\/\/www.syenlap.dk\/index.php?rest_route=\/wp\/v2\/users\/2"}],"replies":[{"embeddable":true,"href":"http:\/\/www.syenlap.dk\/index.php?rest_route=%2Fwp%2Fv2%2Fcomments&post=30235"}],"version-history":[{"count":5,"href":"http:\/\/www.syenlap.dk\/index.php?rest_route=\/wp\/v2\/posts\/30235\/revisions"}],"predecessor-version":[{"id":30246,"href":"http:\/\/www.syenlap.dk\/index.php?rest_route=\/wp\/v2\/posts\/30235\/revisions\/30246"}],"wp:attachment":[{"href":"http:\/\/www.syenlap.dk\/index.php?rest_route=%2Fwp%2Fv2%2Fmedia&parent=30235"}],"wp:term":[{"taxonomy":"category","embeddable":true,"href":"http:\/\/www.syenlap.dk\/index.php?rest_route=%2Fwp%2Fv2%2Fcategories&post=30235"},{"taxonomy":"post_tag","embeddable":true,"href":"http:\/\/www.syenlap.dk\/index.php?rest_route=%2Fwp%2Fv2%2Ftags&post=30235"}],"curies":[{"name":"wp","href":"https:\/\/api.w.org\/{rel}","templated":true}]}}