{"id":3028,"date":"2009-05-17T16:41:53","date_gmt":"2009-05-17T14:41:53","guid":{"rendered":"http:\/\/www.syenlap.dk\/?p=3028"},"modified":"2009-05-17T16:41:53","modified_gmt":"2009-05-17T14:41:53","slug":"kreativ-regnsvejrss%c3%b8ndag","status":"publish","type":"post","link":"http:\/\/www.syenlap.dk\/?p=3028","title":{"rendered":"Kreativ regnsvejrss\u00f8ndag"},"content":{"rendered":"<p><img loading=\"lazy\" decoding=\"async\" class=\"aligncenter size-full wp-image-3029\" title=\"h\u00f8nsestrik\" src=\"http:\/\/www.syenlap.dk\/wp-content\/uploads\/2009\/05\/hc3b8nsestrik.jpg\" alt=\"h\u00f8nsestrik\" width=\"500\" height=\"622\" \/><\/p>\n<p>S\u00e5dan en k\u00f8lig weekend og bl\u00e6sende s\u00f8ndag kan man da f\u00e5 noget fra h\u00e5nden, som f.eks. h\u00f8nsestrikt\u00e6ppet her, som er n\u00e6sten f\u00e6rdigstrikket nu, s\u00e5 mangler monteringen bare.<\/p>\n<p><img loading=\"lazy\" decoding=\"async\" class=\"aligncenter size-full wp-image-3030\" title=\"grc3b8nt3\" src=\"http:\/\/www.syenlap.dk\/wp-content\/uploads\/2009\/05\/grc3b8nt3.jpg\" alt=\"grc3b8nt3\" width=\"500\" height=\"403\" \/><\/p>\n<p>I dag er det symaskinen, der syr p\u00e5 det gr\u00f8nne t\u00e6ppe, som bliver netop s\u00e5 t\u00e6t i de gr\u00f8nne farver med st\u00e6nk af lilla og bl\u00e5t, som jeg \u00f8nsker.<\/p>\n<p><img loading=\"lazy\" decoding=\"async\" class=\"aligncenter size-full wp-image-3031\" title=\"gr\u00f8nt4\" src=\"http:\/\/www.syenlap.dk\/wp-content\/uploads\/2009\/05\/grc3b8nt4.jpg\" alt=\"gr\u00f8nt4\" width=\"500\" height=\"375\" \/><\/p>\n<p>Det er et Kaffe Fassett m\u00f8nster. Jeg tror, det bliver godt.<\/p>\n<p>Og S\u00f8ren har n\u00e6sten ikke haft bivirkninger af str\u00e5lerne &#8211; endnu da, s\u00e5 forh\u00e5bentlig er han \u00e9n af dem, som kun har gavn af behandlingen, som vi blev fortalt om &#8211; vi krydser fingre! men det tyder godt.<\/p>\n","protected":false},"excerpt":{"rendered":"<p>S\u00e5dan en k\u00f8lig weekend og bl\u00e6sende s\u00f8ndag kan man da f\u00e5 noget fra h\u00e5nden, som f.eks. h\u00f8nsestrikt\u00e6ppet her, som er n\u00e6sten f\u00e6rdigstrikket nu, s\u00e5 mangler monteringen bare. I dag er det symaskinen, der syr p\u00e5 det gr\u00f8nne t\u00e6ppe, som bliver &hellip; <a href=\"http:\/\/www.syenlap.dk\/?p=3028\">L\u00e6s resten <span class=\"meta-nav\">&rarr;<\/span><\/a><\/p>\n","protected":false},"author":2,"featured_media":0,"comment_status":"open","ping_status":"open","sticky":false,"template":"","format":"standard","meta":{"footnotes":""},"categories":[5,15,16],"tags":[38],"class_list":["post-3028","post","type-post","status-publish","format-standard","hentry","category-familien","category-patchwork","category-strik","tag-hnsestrik"],"_links":{"self":[{"href":"http:\/\/www.syenlap.dk\/index.php?rest_route=\/wp\/v2\/posts\/3028","targetHints":{"allow":["GET"]}}],"collection":[{"href":"http:\/\/www.syenlap.dk\/index.php?rest_route=\/wp\/v2\/posts"}],"about":[{"href":"http:\/\/www.syenlap.dk\/index.php?rest_route=\/wp\/v2\/types\/post"}],"author":[{"embeddable":true,"href":"http:\/\/www.syenlap.dk\/index.php?rest_route=\/wp\/v2\/users\/2"}],"replies":[{"embeddable":true,"href":"http:\/\/www.syenlap.dk\/index.php?rest_route=%2Fwp%2Fv2%2Fcomments&post=3028"}],"version-history":[{"count":0,"href":"http:\/\/www.syenlap.dk\/index.php?rest_route=\/wp\/v2\/posts\/3028\/revisions"}],"wp:attachment":[{"href":"http:\/\/www.syenlap.dk\/index.php?rest_route=%2Fwp%2Fv2%2Fmedia&parent=3028"}],"wp:term":[{"taxonomy":"category","embeddable":true,"href":"http:\/\/www.syenlap.dk\/index.php?rest_route=%2Fwp%2Fv2%2Fcategories&post=3028"},{"taxonomy":"post_tag","embeddable":true,"href":"http:\/\/www.syenlap.dk\/index.php?rest_route=%2Fwp%2Fv2%2Ftags&post=3028"}],"curies":[{"name":"wp","href":"https:\/\/api.w.org\/{rel}","templated":true}]}}