{"id":30316,"date":"2016-10-09T22:45:21","date_gmt":"2016-10-09T20:45:21","guid":{"rendered":"http:\/\/www.syenlap.dk\/?p=30316"},"modified":"2016-10-09T22:45:21","modified_gmt":"2016-10-09T20:45:21","slug":"det-lyder-ikke-rart","status":"publish","type":"post","link":"http:\/\/www.syenlap.dk\/?p=30316","title":{"rendered":"Det lyder ikke rart"},"content":{"rendered":"<p>Yngstes\u00f8nnen har lige sendt en lille besked fra Rigshospitalet, hvor han er blevet indlagt nu i aften. Han skriver selv, at det ikke er s\u00e5 alvorligt, men det er en byld el.lign., og det kan jo i hvert fald v\u00e6re alvorligt, s\u00e5 jeg er glad for, at han er blevet indlagt!<\/p>\n<p>Vi har en svaghed i familien med \u00f8rer og hals, mandler, dr\u00e6n i \u00f8rerne, men det plejer at v\u00e6re betydeligt tidligere i livet og ikke som 45-\u00e5rig!<\/p>\n<p>Det er godt, han er i trygge h\u00e6nder, hvor de kan handle hurtigt, hvis det bliver kritisk.<\/p>\n<p>Jeg havde som barn og ung utallige halsbet\u00e6ndelser, og mandlerne h\u00e6vede ustandseligt, men det var blevet &#8220;moderne&#8221; ikke at fjerne mandlerne. Som 19-\u00e5rig, efter at v\u00e6re flyttet hjemmefra og kommet i l\u00e6re i en bank, fik jeg en meget voldsom halsbet\u00e6ndelse &#8211; igen. Det var s\u00e5 voldsomt, at jeg flyttede hjem til mor og far og blev passet der, og fik antibiotika af deres l\u00e6ge. Men bedst som det s\u00e5 ud til at bedres, kom der en byld oveni den ene mandel, og det gjorde AVS! Den skulle sk\u00e6res, hvis der ikke gik hul til n\u00e6ste dag &#8211; det var jeg meget bange for. Men da jeg v\u00e5gnede efter et blund, havde jeg den mest forf\u00e6rdelige smag i munden: der var g\u00e5et hul! Puh ha!<\/p>\n<p>Jeg var v\u00e6k fra arbejde i 14 dage, og da jeg kom tilbage, stirrede de p\u00e5 mig: &#8220;Hvor syg har du v\u00e6ret&#8221; &#8211; jeg havde tabt mig synligt, for jeg fik jo kun flydende kost i de 14 dage.<\/p>\n<p>Derefter fik jeg endelig mandlerne fjernet, det hjalp!<\/p>\n<p>God bedring s\u00f8n! Jeg h\u00e5ber p\u00e5 godt nyt i morgen!<\/p>\n","protected":false},"excerpt":{"rendered":"<p>Yngstes\u00f8nnen har lige sendt en lille besked fra Rigshospitalet, hvor han er blevet indlagt nu i aften. Han skriver selv, at det ikke er s\u00e5 alvorligt, men det er en byld el.lign., og det kan jo i hvert fald v\u00e6re &hellip; <a href=\"http:\/\/www.syenlap.dk\/?p=30316\">L\u00e6s resten <span class=\"meta-nav\">&rarr;<\/span><\/a><\/p>\n","protected":false},"author":2,"featured_media":0,"comment_status":"open","ping_status":"open","sticky":false,"template":"","format":"standard","meta":{"footnotes":""},"categories":[5],"tags":[],"class_list":["post-30316","post","type-post","status-publish","format-standard","hentry","category-familien"],"_links":{"self":[{"href":"http:\/\/www.syenlap.dk\/index.php?rest_route=\/wp\/v2\/posts\/30316","targetHints":{"allow":["GET"]}}],"collection":[{"href":"http:\/\/www.syenlap.dk\/index.php?rest_route=\/wp\/v2\/posts"}],"about":[{"href":"http:\/\/www.syenlap.dk\/index.php?rest_route=\/wp\/v2\/types\/post"}],"author":[{"embeddable":true,"href":"http:\/\/www.syenlap.dk\/index.php?rest_route=\/wp\/v2\/users\/2"}],"replies":[{"embeddable":true,"href":"http:\/\/www.syenlap.dk\/index.php?rest_route=%2Fwp%2Fv2%2Fcomments&post=30316"}],"version-history":[{"count":1,"href":"http:\/\/www.syenlap.dk\/index.php?rest_route=\/wp\/v2\/posts\/30316\/revisions"}],"predecessor-version":[{"id":30317,"href":"http:\/\/www.syenlap.dk\/index.php?rest_route=\/wp\/v2\/posts\/30316\/revisions\/30317"}],"wp:attachment":[{"href":"http:\/\/www.syenlap.dk\/index.php?rest_route=%2Fwp%2Fv2%2Fmedia&parent=30316"}],"wp:term":[{"taxonomy":"category","embeddable":true,"href":"http:\/\/www.syenlap.dk\/index.php?rest_route=%2Fwp%2Fv2%2Fcategories&post=30316"},{"taxonomy":"post_tag","embeddable":true,"href":"http:\/\/www.syenlap.dk\/index.php?rest_route=%2Fwp%2Fv2%2Ftags&post=30316"}],"curies":[{"name":"wp","href":"https:\/\/api.w.org\/{rel}","templated":true}]}}