{"id":3033,"date":"2009-05-18T14:02:30","date_gmt":"2009-05-18T12:02:30","guid":{"rendered":"http:\/\/www.syenlap.dk\/?p=3033"},"modified":"2009-05-18T14:02:30","modified_gmt":"2009-05-18T12:02:30","slug":"show-and-tell","status":"publish","type":"post","link":"http:\/\/www.syenlap.dk\/?p=3033","title":{"rendered":"Show and tell"},"content":{"rendered":"<p>Det er en dejlig tradition i patchworkkredse, at man med mellemrum holder &#8220;Show and tell&#8221;, alts\u00e5 viser frem, hvad man har lavet og evt. fort\u00e6ller om det. S\u00e5ledes ogs\u00e5 i torsdags i Vitus Bering Quilterne i Horsens, hvor jeg er medlem, og Bente nu ogs\u00e5 er kommet med.<\/p>\n<p><img loading=\"lazy\" decoding=\"async\" class=\"aligncenter size-full wp-image-3034\" title=\"inges-lady-show-and-tell\" src=\"http:\/\/www.syenlap.dk\/wp-content\/uploads\/2009\/05\/inges-lady-show-and-tell.jpg\" alt=\"inges-lady-show-and-tell\" width=\"500\" height=\"328\" \/><\/p>\n<p>Inge viste flere t\u00e6pper frem, bla. sit &#8220;Girls Day Out&#8221;, som hun har k\u00f8bt m\u00f8nsteret til over internettet. Inge (til h\u00f8jre) fortalte, at hun vanen tro har v\u00e6ret meget l\u00e6nge om at quilte det f\u00e6rdigt, men det m\u00e5 i det hele taget have taget lang tid at sy, der er s\u00e5 mange detaljer. Det er rigtig flot. Flere detaljer kan ses <a href=\"http:\/\/www.kludekoner.dk\/forside.php?ssprog=dansk&amp;&amp;vispic=3425\" target=\"_blank\">her<\/a>. M\u00f8nsteret findes bla. <a href=\"http:\/\/www.thestitchingpost.com.au\/libby-richardson-girls-day-out-block-of-the-month-p-11657.html\" target=\"_blank\">her<\/a>.<\/p>\n<p>Vitus Bering Quilterne er en rigtig dejlig, stor\u00a0patchworkgruppe, lokalgruppe under Dansk Patchwork Forening. Sidste gang havde vi generalforsamling, og for f\u00f8rste gang nogensinde var der kampvalg til bestyrelsen! Ikke fordi der var nogen form for &#8220;kamp&#8221; eller uenigheder, men fordi der var flere, der gerne ville tage et nap i bestyrelsen efter de 2, der \u00f8nskede at stoppe efter 8 \u00e5r! Det er da herligt. Efter t\u00e6t valg blev bl.a. Henriette (til venstre p\u00e5 billedet) valgt, og bestyrelsen har nu konstitueret sig med hende som formand. Dejligt at vi faktisk har en del unge \/ yngre medlemmer!<\/p>\n<p>Den nye bestyrelse \u00f8nskede ogs\u00e5 at h\u00f8re vores mening om, hvor det flotte <a href=\"http:\/\/www.syenlap.dk\/?p=2768\" target=\"_blank\">eventyrt\u00e6ppe<\/a>, som endelig er blevet f\u00e6rdig, skal hen, og der var stort flertal for at sp\u00f8rge B\u00f8rneambulatoriet p\u00e5 Horsens Sygehus, om de er interesseret. Det er er godt sted at placere det flotte t\u00e6ppe.<\/p>\n","protected":false},"excerpt":{"rendered":"<p>Det er en dejlig tradition i patchworkkredse, at man med mellemrum holder &#8220;Show and tell&#8221;, alts\u00e5 viser frem, hvad man har lavet og evt. fort\u00e6ller om det. S\u00e5ledes ogs\u00e5 i torsdags i Vitus Bering Quilterne i Horsens, hvor jeg er &hellip; <a href=\"http:\/\/www.syenlap.dk\/?p=3033\">L\u00e6s resten <span class=\"meta-nav\">&rarr;<\/span><\/a><\/p>\n","protected":false},"author":2,"featured_media":0,"comment_status":"open","ping_status":"open","sticky":false,"template":"","format":"standard","meta":{"footnotes":""},"categories":[15],"tags":[],"class_list":["post-3033","post","type-post","status-publish","format-standard","hentry","category-patchwork"],"_links":{"self":[{"href":"http:\/\/www.syenlap.dk\/index.php?rest_route=\/wp\/v2\/posts\/3033","targetHints":{"allow":["GET"]}}],"collection":[{"href":"http:\/\/www.syenlap.dk\/index.php?rest_route=\/wp\/v2\/posts"}],"about":[{"href":"http:\/\/www.syenlap.dk\/index.php?rest_route=\/wp\/v2\/types\/post"}],"author":[{"embeddable":true,"href":"http:\/\/www.syenlap.dk\/index.php?rest_route=\/wp\/v2\/users\/2"}],"replies":[{"embeddable":true,"href":"http:\/\/www.syenlap.dk\/index.php?rest_route=%2Fwp%2Fv2%2Fcomments&post=3033"}],"version-history":[{"count":0,"href":"http:\/\/www.syenlap.dk\/index.php?rest_route=\/wp\/v2\/posts\/3033\/revisions"}],"wp:attachment":[{"href":"http:\/\/www.syenlap.dk\/index.php?rest_route=%2Fwp%2Fv2%2Fmedia&parent=3033"}],"wp:term":[{"taxonomy":"category","embeddable":true,"href":"http:\/\/www.syenlap.dk\/index.php?rest_route=%2Fwp%2Fv2%2Fcategories&post=3033"},{"taxonomy":"post_tag","embeddable":true,"href":"http:\/\/www.syenlap.dk\/index.php?rest_route=%2Fwp%2Fv2%2Ftags&post=3033"}],"curies":[{"name":"wp","href":"https:\/\/api.w.org\/{rel}","templated":true}]}}