{"id":30441,"date":"2016-10-29T18:48:58","date_gmt":"2016-10-29T16:48:58","guid":{"rendered":"http:\/\/www.syenlap.dk\/?p=30441"},"modified":"2016-10-29T18:50:39","modified_gmt":"2016-10-29T16:50:39","slug":"flot-messe-kreative-dage-i-fredericia","status":"publish","type":"post","link":"http:\/\/www.syenlap.dk\/?p=30441","title":{"rendered":"Flot messe &#8211; Kreative Dage i Fredericia"},"content":{"rendered":"<p>Hold da op, det er en flot messe &#8211; og STOR!<\/p>\n<p>Det er n\u00e6sten uoverskueligt, s\u00e5 meget der er af alt muligt kreativt, i hvert fald er det umuligt at n\u00e6vne det hele.<\/p>\n<p>Men der er mange b\u00e5de patchworkbutikker og strikkebutikker, og jeg har kun set en br\u00f8kdel, for jeg har siddet p\u00e5 &#8220;min pind&#8221; hos Dansk Patchwork Forening hele dagen.<\/p>\n<p><a href=\"http:\/\/www.syenlap.dk\/?attachment_id=30443\" rel=\"attachment wp-att-30443\"><img loading=\"lazy\" decoding=\"async\" class=\"alignright size-full wp-image-30443\" src=\"http:\/\/www.syenlap.dk\/wp-content\/uploads\/2016\/10\/291016-dpf-stand-kreative-dage-2.jpg\" alt=\"291016-dpf-stand-kreative-dage-2\" width=\"800\" height=\"513\" srcset=\"http:\/\/www.syenlap.dk\/wp-content\/uploads\/2016\/10\/291016-dpf-stand-kreative-dage-2.jpg 800w, http:\/\/www.syenlap.dk\/wp-content\/uploads\/2016\/10\/291016-dpf-stand-kreative-dage-2-300x192.jpg 300w, http:\/\/www.syenlap.dk\/wp-content\/uploads\/2016\/10\/291016-dpf-stand-kreative-dage-2-768x492.jpg 768w, http:\/\/www.syenlap.dk\/wp-content\/uploads\/2016\/10\/291016-dpf-stand-kreative-dage-2-468x300.jpg 468w\" sizes=\"auto, (max-width: 800px) 100vw, 800px\" \/><\/a><\/p>\n<p>Og det har v\u00e6ret meget hyggeligt, i godt selskab og med kontakt til mange interesserede.<\/p>\n<p>De udstillede t\u00e6pper er venligst udl\u00e5nt af Projekt Puttet\u00e6pper og mig \ud83d\ude09<\/p>\n<p><a href=\"http:\/\/www.syenlap.dk\/?attachment_id=30444\" rel=\"attachment wp-att-30444\"><img loading=\"lazy\" decoding=\"async\" class=\"alignright size-full wp-image-30444\" src=\"http:\/\/www.syenlap.dk\/wp-content\/uploads\/2016\/10\/291016-dpf-stand-kreative-dage-3.jpg\" alt=\"291016-dpf-stand-kreative-dage-3\" width=\"800\" height=\"610\" srcset=\"http:\/\/www.syenlap.dk\/wp-content\/uploads\/2016\/10\/291016-dpf-stand-kreative-dage-3.jpg 800w, http:\/\/www.syenlap.dk\/wp-content\/uploads\/2016\/10\/291016-dpf-stand-kreative-dage-3-300x229.jpg 300w, http:\/\/www.syenlap.dk\/wp-content\/uploads\/2016\/10\/291016-dpf-stand-kreative-dage-3-768x586.jpg 768w, http:\/\/www.syenlap.dk\/wp-content\/uploads\/2016\/10\/291016-dpf-stand-kreative-dage-3-393x300.jpg 393w\" sizes=\"auto, (max-width: 800px) 100vw, 800px\" \/><\/a><\/p>\n<p>Det viste sig at v\u00e6re en god id\u00e9 med det m\u00f8nster, jeg syede p\u00e5, der var mange, der gerne ville se, hvordan det laves. Jeg havde jo lavet al symaskinearbejdet hjemmefra, og sad og h\u00e5nds\u00f8mmede + quiltede med sm\u00e5 knapper. Men jeg havde medbragt blokkene til 2 t\u00e6pper mere, hvor blokkene var mere eller mindre f\u00e6rdige, s\u00e5 man kunne se, hvordan arbejdsgangen er.<\/p>\n<p>Der var en anden patchworker, der demonstrerede, hvad man kunne p\u00e5 en broderimaskine, n\u00e5r blokkene var syet som paper-piecing (stamps) og skulle dekoreres, det s\u00e5 godt ud.<\/p>\n<p><a href=\"http:\/\/www.syenlap.dk\/?attachment_id=30442\" rel=\"attachment wp-att-30442\"><img loading=\"lazy\" decoding=\"async\" class=\"alignright size-full wp-image-30442\" src=\"http:\/\/www.syenlap.dk\/wp-content\/uploads\/2016\/10\/291016-dpf-stand-kreative-dage-1.jpg\" alt=\"291016-dpf-stand-kreative-dage-1\" width=\"800\" height=\"600\" srcset=\"http:\/\/www.syenlap.dk\/wp-content\/uploads\/2016\/10\/291016-dpf-stand-kreative-dage-1.jpg 800w, http:\/\/www.syenlap.dk\/wp-content\/uploads\/2016\/10\/291016-dpf-stand-kreative-dage-1-300x225.jpg 300w, http:\/\/www.syenlap.dk\/wp-content\/uploads\/2016\/10\/291016-dpf-stand-kreative-dage-1-768x576.jpg 768w, http:\/\/www.syenlap.dk\/wp-content\/uploads\/2016\/10\/291016-dpf-stand-kreative-dage-1-400x300.jpg 400w\" sizes=\"auto, (max-width: 800px) 100vw, 800px\" \/><\/a><\/p>\n<p>Og medlemmer af bestyrelsen i DPF fors\u00f8gte at kapre nye medlemmer og delte diverse merchandise ud &#8211; de l\u00f8b da n\u00e6sten t\u00f8r for gamle nr. af Kludemagasinet! Det blev faktisk tegnet flere nye medlemmer!<\/p>\n<p><a href=\"http:\/\/www.syenlap.dk\/?attachment_id=30445\" rel=\"attachment wp-att-30445\"><img loading=\"lazy\" decoding=\"async\" class=\"alignright size-full wp-image-30445\" src=\"http:\/\/www.syenlap.dk\/wp-content\/uploads\/2016\/10\/1610-karen-nybye.jpg\" alt=\"1610-karen-nybye\" width=\"600\" height=\"835\" srcset=\"http:\/\/www.syenlap.dk\/wp-content\/uploads\/2016\/10\/1610-karen-nybye.jpg 600w, http:\/\/www.syenlap.dk\/wp-content\/uploads\/2016\/10\/1610-karen-nybye-216x300.jpg 216w\" sizes=\"auto, (max-width: 600px) 100vw, 600px\" \/><\/a><\/p>\n<p>Og s\u00e5 fik jeg en uventet gave med hjem, i form af et puttet\u00e6ppe, som Inge Nybye fra Holstebro havde afleveret hos HANNEs Patchwork i g\u00e5r &#8211; dejligt t\u00e6ppe med l\u00e6kker bl\u00f8d fleece p\u00e5 bagsiden.<\/p>\n<p>Jeg kommer igen i morgen, s\u00e5 vil jeg se noget mere af messen.<\/p>\n","protected":false},"excerpt":{"rendered":"<p>Hold da op, det er en flot messe &#8211; og STOR! Det er n\u00e6sten uoverskueligt, s\u00e5 meget der er af alt muligt kreativt, i hvert fald er det umuligt at n\u00e6vne det hele. Men der er mange b\u00e5de patchworkbutikker og &hellip; <a href=\"http:\/\/www.syenlap.dk\/?p=30441\">L\u00e6s resten <span class=\"meta-nav\">&rarr;<\/span><\/a><\/p>\n","protected":false},"author":2,"featured_media":0,"comment_status":"open","ping_status":"open","sticky":false,"template":"","format":"standard","meta":{"footnotes":""},"categories":[68,15,69],"tags":[],"class_list":["post-30441","post","type-post","status-publish","format-standard","hentry","category-de-sma-glaeder","category-patchwork","category-puttetaepper-til-born-pa-julemaerkehjem"],"_links":{"self":[{"href":"http:\/\/www.syenlap.dk\/index.php?rest_route=\/wp\/v2\/posts\/30441","targetHints":{"allow":["GET"]}}],"collection":[{"href":"http:\/\/www.syenlap.dk\/index.php?rest_route=\/wp\/v2\/posts"}],"about":[{"href":"http:\/\/www.syenlap.dk\/index.php?rest_route=\/wp\/v2\/types\/post"}],"author":[{"embeddable":true,"href":"http:\/\/www.syenlap.dk\/index.php?rest_route=\/wp\/v2\/users\/2"}],"replies":[{"embeddable":true,"href":"http:\/\/www.syenlap.dk\/index.php?rest_route=%2Fwp%2Fv2%2Fcomments&post=30441"}],"version-history":[{"count":3,"href":"http:\/\/www.syenlap.dk\/index.php?rest_route=\/wp\/v2\/posts\/30441\/revisions"}],"predecessor-version":[{"id":30448,"href":"http:\/\/www.syenlap.dk\/index.php?rest_route=\/wp\/v2\/posts\/30441\/revisions\/30448"}],"wp:attachment":[{"href":"http:\/\/www.syenlap.dk\/index.php?rest_route=%2Fwp%2Fv2%2Fmedia&parent=30441"}],"wp:term":[{"taxonomy":"category","embeddable":true,"href":"http:\/\/www.syenlap.dk\/index.php?rest_route=%2Fwp%2Fv2%2Fcategories&post=30441"},{"taxonomy":"post_tag","embeddable":true,"href":"http:\/\/www.syenlap.dk\/index.php?rest_route=%2Fwp%2Fv2%2Ftags&post=30441"}],"curies":[{"name":"wp","href":"https:\/\/api.w.org\/{rel}","templated":true}]}}