{"id":30449,"date":"2016-10-30T20:31:18","date_gmt":"2016-10-30T18:31:18","guid":{"rendered":"http:\/\/www.syenlap.dk\/?p=30449"},"modified":"2016-10-30T21:09:36","modified_gmt":"2016-10-30T19:09:36","slug":"depotgaarden-paa-kreative-dage","status":"publish","type":"post","link":"http:\/\/www.syenlap.dk\/?p=30449","title":{"rendered":"Depotg\u00e5rden p\u00e5 Kreative Dage"},"content":{"rendered":"<p>Depotg\u00e5rden var ogs\u00e5 godt repr\u00e6senteret p\u00e5 Kreative Dage-messen i Fredericia i 3 dage, som nu er slut.<\/p>\n<p><a href=\"http:\/\/www.syenlap.dk\/?attachment_id=30450\" rel=\"attachment wp-att-30450\"><img loading=\"lazy\" decoding=\"async\" class=\"alignright size-full wp-image-30450\" src=\"http:\/\/www.syenlap.dk\/wp-content\/uploads\/2016\/10\/depotg\u00e5rden-1.jpg\" alt=\"depotgaarden-1\" width=\"600\" height=\"403\" srcset=\"http:\/\/www.syenlap.dk\/wp-content\/uploads\/2016\/10\/depotg\u00e5rden-1.jpg 600w, http:\/\/www.syenlap.dk\/wp-content\/uploads\/2016\/10\/depotg\u00e5rden-1-300x202.jpg 300w, http:\/\/www.syenlap.dk\/wp-content\/uploads\/2016\/10\/depotg\u00e5rden-1-447x300.jpg 447w\" sizes=\"auto, (max-width: 600px) 100vw, 600px\" \/><\/a><\/p>\n<p>Man kunne se en lille smule af alt det, vi laver laver p\u00e5 Depotg\u00e5rden, og der blev delt g\u00e6stekort ud, s\u00e5 man gratis kan komme p\u00e5 bes\u00f8g og f\u00e5 en rundvisning.<\/p>\n<p><a href=\"http:\/\/www.syenlap.dk\/?attachment_id=30451\" rel=\"attachment wp-att-30451\"><img loading=\"lazy\" decoding=\"async\" class=\"alignright size-full wp-image-30451\" src=\"http:\/\/www.syenlap.dk\/wp-content\/uploads\/2016\/10\/depotg\u00e5rden-2.jpg\" alt=\"depotgaarden-2\" width=\"600\" height=\"435\" srcset=\"http:\/\/www.syenlap.dk\/wp-content\/uploads\/2016\/10\/depotg\u00e5rden-2.jpg 600w, http:\/\/www.syenlap.dk\/wp-content\/uploads\/2016\/10\/depotg\u00e5rden-2-300x218.jpg 300w, http:\/\/www.syenlap.dk\/wp-content\/uploads\/2016\/10\/depotg\u00e5rden-2-414x300.jpg 414w\" sizes=\"auto, (max-width: 600px) 100vw, 600px\" \/><\/a><\/p>\n<p>Der var flotte eksempler p\u00e5 de forskellige h\u00e5ndv\u00e6rk og h\u00e5ndarbejde, og brugere skiftedes til at v\u00e6re p\u00e5 standen.<\/p>\n<p><a href=\"http:\/\/www.syenlap.dk\/?attachment_id=30452\" rel=\"attachment wp-att-30452\"><img loading=\"lazy\" decoding=\"async\" class=\"alignright size-full wp-image-30452\" src=\"http:\/\/www.syenlap.dk\/wp-content\/uploads\/2016\/10\/depotg\u00e5rden-3.jpg\" alt=\"depotgaarden-3\" width=\"600\" height=\"490\" srcset=\"http:\/\/www.syenlap.dk\/wp-content\/uploads\/2016\/10\/depotg\u00e5rden-3.jpg 600w, http:\/\/www.syenlap.dk\/wp-content\/uploads\/2016\/10\/depotg\u00e5rden-3-300x245.jpg 300w, http:\/\/www.syenlap.dk\/wp-content\/uploads\/2016\/10\/depotg\u00e5rden-3-367x300.jpg 367w\" sizes=\"auto, (max-width: 600px) 100vw, 600px\" \/><\/a><\/p>\n<p>F.eks. her, hvor Bodil viser sit ualmindelig flotte Dreambird sjal.<\/p>\n<p>Det var en meget vellykket messe, som satte rekord mht bes\u00f8gende &#8211; der har v\u00e6ret over 21.000 bes\u00f8gende p\u00e5 de 3 dage, flest l\u00f8rdag, hvor der var over 8.000. Det kunne man godt m\u00e6rke i g\u00e5r, mens der var mere luft i dag.<\/p>\n<p>Der var god interesse for Dansk Patchwork Forenings stand, og der var mange, der gerne ville se, hvordan jeg pusler mit &#8220;Kinesiske M\u00f8ller&#8221;-v\u00e6gt\u00e6ppe sammen.<\/p>\n<p>Jeg har jo f\u00e5et en &#8220;advarsel&#8221; med beskyldning om kopiering af m\u00f8nsteret, og det orienterede jeg selvf\u00f8lgelig bestyrelsen om. Der er ingen, der kan forst\u00e5 den kritik, for der er andre, der kender m\u00f8nsteret eller har set det brugt i andre t\u00e6pper. S\u00e5 jeg tager det roligt og syr videre!<\/p>\n<p>Det har v\u00e6ret nogle hyggelige dage, og det var ogs\u00e5 hyggeligt i dag at v\u00e6re i selskab med 2 fra Lilleb\u00e6lt Quilterne, som ogs\u00e5 viste forskellige patchwork arbejder.<\/p>\n<p>Jeg har ogs\u00e5 hilst p\u00e5 en masse mennesker &#8211; og mange, som jeg ikke har set i flere \u00e5r, det var dejligt!<\/p>\n","protected":false},"excerpt":{"rendered":"<p>Depotg\u00e5rden var ogs\u00e5 godt repr\u00e6senteret p\u00e5 Kreative Dage-messen i Fredericia i 3 dage, som nu er slut. Man kunne se en lille smule af alt det, vi laver laver p\u00e5 Depotg\u00e5rden, og der blev delt g\u00e6stekort ud, s\u00e5 man gratis &hellip; <a href=\"http:\/\/www.syenlap.dk\/?p=30449\">L\u00e6s resten <span class=\"meta-nav\">&rarr;<\/span><\/a><\/p>\n","protected":false},"author":2,"featured_media":0,"comment_status":"open","ping_status":"open","sticky":false,"template":"","format":"standard","meta":{"footnotes":""},"categories":[12,15],"tags":[],"class_list":["post-30449","post","type-post","status-publish","format-standard","hentry","category-oplevelser","category-patchwork"],"_links":{"self":[{"href":"http:\/\/www.syenlap.dk\/index.php?rest_route=\/wp\/v2\/posts\/30449","targetHints":{"allow":["GET"]}}],"collection":[{"href":"http:\/\/www.syenlap.dk\/index.php?rest_route=\/wp\/v2\/posts"}],"about":[{"href":"http:\/\/www.syenlap.dk\/index.php?rest_route=\/wp\/v2\/types\/post"}],"author":[{"embeddable":true,"href":"http:\/\/www.syenlap.dk\/index.php?rest_route=\/wp\/v2\/users\/2"}],"replies":[{"embeddable":true,"href":"http:\/\/www.syenlap.dk\/index.php?rest_route=%2Fwp%2Fv2%2Fcomments&post=30449"}],"version-history":[{"count":3,"href":"http:\/\/www.syenlap.dk\/index.php?rest_route=\/wp\/v2\/posts\/30449\/revisions"}],"predecessor-version":[{"id":30455,"href":"http:\/\/www.syenlap.dk\/index.php?rest_route=\/wp\/v2\/posts\/30449\/revisions\/30455"}],"wp:attachment":[{"href":"http:\/\/www.syenlap.dk\/index.php?rest_route=%2Fwp%2Fv2%2Fmedia&parent=30449"}],"wp:term":[{"taxonomy":"category","embeddable":true,"href":"http:\/\/www.syenlap.dk\/index.php?rest_route=%2Fwp%2Fv2%2Fcategories&post=30449"},{"taxonomy":"post_tag","embeddable":true,"href":"http:\/\/www.syenlap.dk\/index.php?rest_route=%2Fwp%2Fv2%2Ftags&post=30449"}],"curies":[{"name":"wp","href":"https:\/\/api.w.org\/{rel}","templated":true}]}}