{"id":3051,"date":"2009-05-20T23:35:09","date_gmt":"2009-05-20T21:35:09","guid":{"rendered":"http:\/\/www.syenlap.dk\/?p=3051"},"modified":"2009-05-20T23:35:09","modified_gmt":"2009-05-20T21:35:09","slug":"f%c3%b8dselsdagst%c3%a6ppe","status":"publish","type":"post","link":"http:\/\/www.syenlap.dk\/?p=3051","title":{"rendered":"F\u00f8dselsdagst\u00e6ppe"},"content":{"rendered":"<p><img loading=\"lazy\" decoding=\"async\" class=\"aligncenter size-full wp-image-3052\" title=\"thomas-tc3a6ppe\" src=\"http:\/\/www.syenlap.dk\/wp-content\/uploads\/2009\/05\/thomas-tc3a6ppe.jpg\" alt=\"thomas-tc3a6ppe\" width=\"500\" height=\"716\" \/><\/p>\n<p>Nu kan jeg afsl\u00f8re, hvad jeg har haft s\u00e5 travlt med de sidste 14 dage: Et f\u00f8dselsdagst\u00e6ppe til min svigers\u00f8n Thomas!<\/p>\n<p>Helle har fortalt mig, at n\u00e5r hun og drengene hygger sig med deres t\u00e6pper i sofaerne (og de slider virkelig deres t\u00e6pper i den familie), s\u00e5 har Thomas sommetider taget et babyt\u00e6ppe &#8211; for han har jo aldrig f\u00e5et et t\u00e6ppe! Det m\u00e5tte der g\u00f8res noget ved, s\u00e5 Helle hjalp mig med at bestemme farverne og m\u00f8nsteret, som er fra Kaffe Fassett&#8217;s bog &#8220;Patchwork&#8221;, og s\u00e5 har jeg sk\u00e5ret, puslet blokkene sammen\u00a0og syet p\u00e5 kraft, s\u00e5 det kunne blive f\u00e6rdigt til i dag, hvor han blir 45 \u00e5r.<\/p>\n<p><img loading=\"lazy\" decoding=\"async\" class=\"aligncenter size-full wp-image-3053\" title=\"thomas-grc3b8nne-quilt\" src=\"http:\/\/www.syenlap.dk\/wp-content\/uploads\/2009\/05\/thomas-grc3b8nne-quilt.jpg\" alt=\"thomas-grc3b8nne-quilt\" width=\"500\" height=\"637\" \/><\/p>\n<p>Jeg indr\u00f8mmer gerne, at jeg er vild med det t\u00e6ppe, de t\u00e6tte gr\u00f8nne farver, Thomas kaldte det meget rammende &#8220;Havet\u00e6ppet&#8221; &#8211; ja man er midt i en have!<\/p>\n<p>Hmmm ja, s\u00e5 er der lige det, at Helle er ogs\u00e5 vild med det og har &#8220;bestilt&#8221; = \u00f8nsket sig en makker, samme m\u00f8nster, samme gr\u00f8nne farver + lidt mere feminint og pink. Jeg kan godt lokkes!<\/p>\n","protected":false},"excerpt":{"rendered":"<p>Nu kan jeg afsl\u00f8re, hvad jeg har haft s\u00e5 travlt med de sidste 14 dage: Et f\u00f8dselsdagst\u00e6ppe til min svigers\u00f8n Thomas! Helle har fortalt mig, at n\u00e5r hun og drengene hygger sig med deres t\u00e6pper i sofaerne (og de slider &hellip; <a href=\"http:\/\/www.syenlap.dk\/?p=3051\">L\u00e6s resten <span class=\"meta-nav\">&rarr;<\/span><\/a><\/p>\n","protected":false},"author":2,"featured_media":0,"comment_status":"open","ping_status":"open","sticky":false,"template":"","format":"standard","meta":{"footnotes":""},"categories":[5,15],"tags":[],"class_list":["post-3051","post","type-post","status-publish","format-standard","hentry","category-familien","category-patchwork"],"_links":{"self":[{"href":"http:\/\/www.syenlap.dk\/index.php?rest_route=\/wp\/v2\/posts\/3051","targetHints":{"allow":["GET"]}}],"collection":[{"href":"http:\/\/www.syenlap.dk\/index.php?rest_route=\/wp\/v2\/posts"}],"about":[{"href":"http:\/\/www.syenlap.dk\/index.php?rest_route=\/wp\/v2\/types\/post"}],"author":[{"embeddable":true,"href":"http:\/\/www.syenlap.dk\/index.php?rest_route=\/wp\/v2\/users\/2"}],"replies":[{"embeddable":true,"href":"http:\/\/www.syenlap.dk\/index.php?rest_route=%2Fwp%2Fv2%2Fcomments&post=3051"}],"version-history":[{"count":0,"href":"http:\/\/www.syenlap.dk\/index.php?rest_route=\/wp\/v2\/posts\/3051\/revisions"}],"wp:attachment":[{"href":"http:\/\/www.syenlap.dk\/index.php?rest_route=%2Fwp%2Fv2%2Fmedia&parent=3051"}],"wp:term":[{"taxonomy":"category","embeddable":true,"href":"http:\/\/www.syenlap.dk\/index.php?rest_route=%2Fwp%2Fv2%2Fcategories&post=3051"},{"taxonomy":"post_tag","embeddable":true,"href":"http:\/\/www.syenlap.dk\/index.php?rest_route=%2Fwp%2Fv2%2Ftags&post=3051"}],"curies":[{"name":"wp","href":"https:\/\/api.w.org\/{rel}","templated":true}]}}