{"id":3055,"date":"2009-05-21T20:52:23","date_gmt":"2009-05-21T18:52:23","guid":{"rendered":"http:\/\/www.syenlap.dk\/?p=3055"},"modified":"2009-05-21T20:52:23","modified_gmt":"2009-05-21T18:52:23","slug":"nyt-h%c3%b8nsestrikt%c3%a6ppe","status":"publish","type":"post","link":"http:\/\/www.syenlap.dk\/?p=3055","title":{"rendered":"Nyt h\u00f8nsestrikt\u00e6ppe"},"content":{"rendered":"<p>S\u00e5 blev jeg f\u00e6rdig med Antons h\u00f8nsestrikt\u00e6ppe<\/p>\n<p><img loading=\"lazy\" decoding=\"async\" class=\"aligncenter size-full wp-image-3056\" title=\"hc3b8nsestrik-anton\" src=\"http:\/\/www.syenlap.dk\/wp-content\/uploads\/2009\/05\/hc3b8nsestrik-anton.jpg\" alt=\"hc3b8nsestrik-anton\" width=\"500\" height=\"528\" \/><\/p>\n<p>Anton skal d\u00f8bes p\u00e5 s\u00f8ndag, og hans mors veninder har gjort det til tradition, at de giver hinandens b\u00f8rn et h\u00f8nsestrikt\u00e6ppe i d\u00e5bsgave &#8211; det er da en dejlig tradition!<\/p>\n<p>Jeg synes, det er sjovt at strikke disse t\u00e6pper efter en opskrift fra 70&#8217;erne, hvor det var moderne med h\u00f8nsestrik, og hvor min mor strikkede veste i h\u00f8nsestrik til sine b\u00f8rneb\u00f8rn! \u00a0Jeg f\u00f8lger ikke opskriften slavisk, men skifter mellem farver og borter, som jeg har lyst til!\u00a0 Jeg har lavet en vejledning <a href=\"http:\/\/www.syenlap.dk\/?p=1138\" target=\"_blank\">her<\/a>.<\/p>\n<p><img loading=\"lazy\" decoding=\"async\" class=\"aligncenter size-full wp-image-3057\" title=\"hc3b8nsestrik-anton-detail1\" src=\"http:\/\/www.syenlap.dk\/wp-content\/uploads\/2009\/05\/hc3b8nsestrik-anton-detail1.jpg\" alt=\"hc3b8nsestrik-anton-detail1\" width=\"500\" height=\"686\" \/><\/p>\n<p>Der er nogle figurer, som altid er med, elefanterne og flagen f.eks., men disse marieh\u00f8ns er nye.<\/p>\n<p><img loading=\"lazy\" decoding=\"async\" class=\"aligncenter size-full wp-image-3058\" title=\"hc3b8nsestrik-anton-detail2\" src=\"http:\/\/www.syenlap.dk\/wp-content\/uploads\/2009\/05\/hc3b8nsestrik-anton-detail2.jpg\" alt=\"hc3b8nsestrik-anton-detail2\" width=\"500\" height=\"530\" \/><\/p>\n<p>Kattene og sommerfuglene er ogs\u00e5 altid med, men disse biler er ikke originale h\u00f8nsestrikborter, men fra en Marianne Isager-b\u00f8rnebluse. S\u00e5dan bliver det aldrig kedeligt!<\/p>\n<p><img loading=\"lazy\" decoding=\"async\" class=\"aligncenter size-full wp-image-3059\" title=\"hc3b8nsestrik-anton-og-foer\" src=\"http:\/\/www.syenlap.dk\/wp-content\/uploads\/2009\/05\/hc3b8nsestrik-anton-og-foer.jpg\" alt=\"hc3b8nsestrik-anton-og-foer\" width=\"500\" height=\"518\" \/><\/p>\n<p>Efter \u00f8nske er fleece-foeret st\u00e6rk bl\u00e5. Garnet er almindeligt bomuldsgarn nr 8, suppleret med Safran i nye farver.<\/p>\n<p>Til lykke til lille Anton, jeg h\u00e5ber du bliver glad for t\u00e6ppet!<\/p>\n","protected":false},"excerpt":{"rendered":"<p>S\u00e5 blev jeg f\u00e6rdig med Antons h\u00f8nsestrikt\u00e6ppe Anton skal d\u00f8bes p\u00e5 s\u00f8ndag, og hans mors veninder har gjort det til tradition, at de giver hinandens b\u00f8rn et h\u00f8nsestrikt\u00e6ppe i d\u00e5bsgave &#8211; det er da en dejlig tradition! Jeg synes, det &hellip; <a href=\"http:\/\/www.syenlap.dk\/?p=3055\">L\u00e6s resten <span class=\"meta-nav\">&rarr;<\/span><\/a><\/p>\n","protected":false},"author":2,"featured_media":0,"comment_status":"open","ping_status":"open","sticky":false,"template":"","format":"standard","meta":{"footnotes":""},"categories":[16],"tags":[38],"class_list":["post-3055","post","type-post","status-publish","format-standard","hentry","category-strik","tag-hnsestrik"],"_links":{"self":[{"href":"http:\/\/www.syenlap.dk\/index.php?rest_route=\/wp\/v2\/posts\/3055","targetHints":{"allow":["GET"]}}],"collection":[{"href":"http:\/\/www.syenlap.dk\/index.php?rest_route=\/wp\/v2\/posts"}],"about":[{"href":"http:\/\/www.syenlap.dk\/index.php?rest_route=\/wp\/v2\/types\/post"}],"author":[{"embeddable":true,"href":"http:\/\/www.syenlap.dk\/index.php?rest_route=\/wp\/v2\/users\/2"}],"replies":[{"embeddable":true,"href":"http:\/\/www.syenlap.dk\/index.php?rest_route=%2Fwp%2Fv2%2Fcomments&post=3055"}],"version-history":[{"count":0,"href":"http:\/\/www.syenlap.dk\/index.php?rest_route=\/wp\/v2\/posts\/3055\/revisions"}],"wp:attachment":[{"href":"http:\/\/www.syenlap.dk\/index.php?rest_route=%2Fwp%2Fv2%2Fmedia&parent=3055"}],"wp:term":[{"taxonomy":"category","embeddable":true,"href":"http:\/\/www.syenlap.dk\/index.php?rest_route=%2Fwp%2Fv2%2Fcategories&post=3055"},{"taxonomy":"post_tag","embeddable":true,"href":"http:\/\/www.syenlap.dk\/index.php?rest_route=%2Fwp%2Fv2%2Ftags&post=3055"}],"curies":[{"name":"wp","href":"https:\/\/api.w.org\/{rel}","templated":true}]}}