{"id":307,"date":"2008-09-07T22:41:42","date_gmt":"2008-09-07T20:41:42","guid":{"rendered":"http:\/\/www.syenlap.dk\/?p=307"},"modified":"2008-09-07T22:41:42","modified_gmt":"2008-09-07T20:41:42","slug":"afleveret","status":"publish","type":"post","link":"http:\/\/www.syenlap.dk\/?p=307","title":{"rendered":"Afleveret!"},"content":{"rendered":"<p><a href=\"http:\/\/www.syenlap.dk\/wp-content\/uploads\/2008\/09\/taeppertanter-og-christa.jpg\" rel=\"lightbox[307]\"><\/a><\/p>\n<div id=\"attachment_319\" style=\"width: 460px\" class=\"wp-caption aligncenter\"><a href=\"http:\/\/www.syenlap.dk\/wp-content\/uploads\/2008\/09\/fjordmark.jpg\" rel=\"lightbox[307]\"><img loading=\"lazy\" decoding=\"async\" aria-describedby=\"caption-attachment-319\" class=\"size-full wp-image-319\" title=\"fjordmark\" src=\"http:\/\/www.syenlap.dk\/wp-content\/uploads\/2008\/09\/fjordmark.jpg\" alt=\"Fjordmark i Kollund\" width=\"450\" height=\"338\" \/><\/a><p id=\"caption-attachment-319\" class=\"wp-caption-text\">Fjordmark i Kollund<\/p><\/div>\n<p>Dette var <strong>dagen ! <\/strong>Dagen, hvor vi k\u00f8rte til Kollund i det sk\u00f8nneste vejr og afleverede 34 &#8211; <em>fireogtredive smukke, flotte senget\u00e6pper <\/em>til Julem\u00e6rkehjemmet Fjordmark. Nogle lokale givere var med foruden vores lille styregruppe, og vi fik en dejlig rundvisning og h\u00f8rte om hjemmets historie, om b\u00f8rnene og om vedligeholdelsen og den n\u00f8dvendige renovering, hvor v\u00e6relserne har f\u00e5et nye senge og skabe og lyse farver p\u00e5 v\u00e6gge og lofter, s\u00e5 senget\u00e6pperne vil give farverne.<br \/>\nDe har gl\u00e6det sig S\u00c5 meget til de fine t\u00e6pper.<\/p>\n<p>S\u00e5dan ser det ud, n\u00e5r man v\u00e6lter 34 store t\u00e6pper ud p\u00e5 gulv og m\u00f8bler i en stue, hvor personalet kom ind og beundrede.<\/p>\n<p>\u00a0<\/p>\n<p><a href=\"http:\/\/www.syenlap.dk\/wp-content\/uploads\/2008\/09\/taepper1.jpg\" rel=\"lightbox[307]\"><img loading=\"lazy\" decoding=\"async\" class=\"alignright size-full wp-image-308\" title=\"t\u00e6pper\" src=\"http:\/\/www.syenlap.dk\/wp-content\/uploads\/2008\/09\/taepper1.jpg\" alt=\"\" width=\"450\" height=\"338\" \/><\/a><\/p>\n<p>\u00a0<\/p>\n<p>\u00a0<\/p>\n<p>\u00a0<\/p>\n<p>\u00a0<\/p>\n<p>\u00a0<\/p>\n<p>\u00a0<\/p>\n<p>\u00a0<\/p>\n<p>\u00a0<\/p>\n<p>\u00a0<\/p>\n<p>\u00a0<\/p>\n<p><a href=\"http:\/\/www.syenlap.dk\/wp-content\/uploads\/2008\/09\/taepper2.jpg\" rel=\"lightbox[307]\"><img loading=\"lazy\" decoding=\"async\" class=\"alignleft size-full wp-image-309\" title=\"t\u00e6pper\" src=\"http:\/\/www.syenlap.dk\/wp-content\/uploads\/2008\/09\/taepper2.jpg\" alt=\"\" width=\"450\" height=\"338\" \/><\/a><\/p>\n<p>\u00a0<\/p>\n<p>\u00a0<\/p>\n<p>\u00a0<\/p>\n<p>\u00a0<\/p>\n<p>\u00a0<\/p>\n<p>\u00a0<\/p>\n<p>\u00a0<\/p>\n<p>\u00a0<\/p>\n<p>\u00a0<\/p>\n<p>\u00a0<\/p>\n<p><a href=\"http:\/\/www.syenlap.dk\/wp-content\/uploads\/2008\/09\/taepper3.jpg\" rel=\"lightbox[307]\"><img loading=\"lazy\" decoding=\"async\" class=\"alignright size-full wp-image-310\" title=\"taepper\" src=\"http:\/\/www.syenlap.dk\/wp-content\/uploads\/2008\/09\/taepper3.jpg\" alt=\"\" width=\"450\" height=\"338\" \/><\/a><\/p>\n<p>\u00a0<\/p>\n<p>\u00a0<\/p>\n<p>\u00a0<\/p>\n<p>\u00a0<\/p>\n<p>\u00a0<\/p>\n<p>\u00a0<\/p>\n<p>\u00a0<\/p>\n<p>\u00a0<\/p>\n<p>\u00a0\u00a0<\/p>\n<p><a href=\"http:\/\/www.syenlap.dk\/wp-content\/uploads\/2008\/09\/taepper.jpg\" rel=\"lightbox[307]\"><\/a><\/p>\n<p><img loading=\"lazy\" decoding=\"async\" class=\"alignright size-full wp-image-322\" title=\"taepper\" src=\"http:\/\/www.syenlap.dk\/wp-content\/uploads\/2008\/09\/taepper.jpg\" alt=\"\" width=\"450\" height=\"338\" \/><\/p>\n<p>\u00a0<\/p>\n<p>\u00a0<\/p>\n<p>\u00a0<\/p>\n<p>\u00a0<\/p>\n<p>\u00a0<\/p>\n<p>\u00a0<\/p>\n<p>\u00a0<\/p>\n<p>\u00a0<\/p>\n<p>\u00a0<\/p>\n<p>\u00a0<\/p>\n<p><a href=\"http:\/\/www.syenlap.dk\/wp-content\/uploads\/2008\/09\/taeppertanter-og-christa.jpg\" rel=\"lightbox[307]\"><img loading=\"lazy\" decoding=\"async\" class=\"alignnone size-full wp-image-312\" title=\"taeppertanter og christa\" src=\"http:\/\/www.syenlap.dk\/wp-content\/uploads\/2008\/09\/taeppertanter-og-christa.jpg\" alt=\"\" width=\"450\" height=\"328\" \/><\/a><\/p>\n<p>Og Christa fra Krus\u00e5 var med for at aflevere sit t\u00e6ppe!<\/p>\n<p>\u00a0<\/p>\n<p><a href=\"http:\/\/www.syenlap.dk\/wp-content\/uploads\/2008\/09\/kaffebord.jpg\" rel=\"lightbox[307]\"><img loading=\"lazy\" decoding=\"async\" class=\"alignleft size-full wp-image-314\" title=\"kaffebord\" src=\"http:\/\/www.syenlap.dk\/wp-content\/uploads\/2008\/09\/kaffebord.jpg\" alt=\"\" width=\"450\" height=\"338\" \/><\/a><\/p>\n<p>\u00a0<\/p>\n<p>\u00a0<\/p>\n<p>\u00a0<\/p>\n<p>\u00a0<\/p>\n<p>\u00a0<\/p>\n<p>\u00a0<\/p>\n<p>\u00a0<\/p>\n<p>\u00a0<\/p>\n<p>\u00a0<\/p>\n<p>\u00a0<\/p>\n<p>\u00a0<\/p>\n<p>\u00a0<\/p>\n<p>Og s\u00e5 fik vi kaffe med s\u00f8nderjysk br\u00f8dtort&#8217;<\/p>\n<div id=\"attachment_320\" style=\"width: 310px\" class=\"wp-caption alignright\"><a href=\"http:\/\/www.syenlap.dk\/wp-content\/uploads\/2008\/09\/brodtort.jpg\" rel=\"lightbox[307]\"><img loading=\"lazy\" decoding=\"async\" aria-describedby=\"caption-attachment-320\" class=\"size-medium wp-image-320\" title=\"brodtort\" src=\"http:\/\/www.syenlap.dk\/wp-content\/uploads\/2008\/09\/brodtort-300x218.jpg\" alt=\"Br\u00f8dtort'\" width=\"300\" height=\"218\" \/><\/a><p id=\"caption-attachment-320\" class=\"wp-caption-text\">Br\u00f8dtort<\/p><\/div>\n<p>I morgen bliver t\u00e6pperne sorteret efter st\u00f8rrelser og farver, s\u00e5 de kl\u00e6der hinanden, n\u00e5r de l\u00e6gges ind p\u00e5 v\u00e6relserne, hvor b\u00f8rnene bor 2, 3 eller 4 p\u00e5 hvert v\u00e6relse. S\u00e5vel sengene som t\u00e6pperne har forskellige st\u00f8rrelser.<\/p>\n<p>Vi er blevet lovet billeder, s\u00e5 vi kan se dem i brug.<\/p>\n<p>Og s\u00e5 venter vi med aflevering af resten af t\u00e6pperne, som skal til Hobro, de er ikke alle f\u00e6rdige endnu. (Og vi fik forresten endnu 1 i g\u00e5r! s\u00e5 nu er det ialt 67!)<\/p>\n","protected":false},"excerpt":{"rendered":"<p>Dette var dagen ! Dagen, hvor vi k\u00f8rte til Kollund i det sk\u00f8nneste vejr og afleverede 34 &#8211; fireogtredive smukke, flotte senget\u00e6pper til Julem\u00e6rkehjemmet Fjordmark. Nogle lokale givere var med foruden vores lille styregruppe, og vi fik en dejlig rundvisning &hellip; <a href=\"http:\/\/www.syenlap.dk\/?p=307\">L\u00e6s resten <span class=\"meta-nav\">&rarr;<\/span><\/a><\/p>\n","protected":false},"author":2,"featured_media":0,"comment_status":"open","ping_status":"open","sticky":false,"template":"","format":"standard","meta":{"footnotes":""},"categories":[12,15],"tags":[56],"class_list":["post-307","post","type-post","status-publish","format-standard","hentry","category-oplevelser","category-patchwork","tag-sengetpper-til-julemrkehjem"],"_links":{"self":[{"href":"http:\/\/www.syenlap.dk\/index.php?rest_route=\/wp\/v2\/posts\/307","targetHints":{"allow":["GET"]}}],"collection":[{"href":"http:\/\/www.syenlap.dk\/index.php?rest_route=\/wp\/v2\/posts"}],"about":[{"href":"http:\/\/www.syenlap.dk\/index.php?rest_route=\/wp\/v2\/types\/post"}],"author":[{"embeddable":true,"href":"http:\/\/www.syenlap.dk\/index.php?rest_route=\/wp\/v2\/users\/2"}],"replies":[{"embeddable":true,"href":"http:\/\/www.syenlap.dk\/index.php?rest_route=%2Fwp%2Fv2%2Fcomments&post=307"}],"version-history":[{"count":0,"href":"http:\/\/www.syenlap.dk\/index.php?rest_route=\/wp\/v2\/posts\/307\/revisions"}],"wp:attachment":[{"href":"http:\/\/www.syenlap.dk\/index.php?rest_route=%2Fwp%2Fv2%2Fmedia&parent=307"}],"wp:term":[{"taxonomy":"category","embeddable":true,"href":"http:\/\/www.syenlap.dk\/index.php?rest_route=%2Fwp%2Fv2%2Fcategories&post=307"},{"taxonomy":"post_tag","embeddable":true,"href":"http:\/\/www.syenlap.dk\/index.php?rest_route=%2Fwp%2Fv2%2Ftags&post=307"}],"curies":[{"name":"wp","href":"https:\/\/api.w.org\/{rel}","templated":true}]}}