{"id":3095,"date":"2009-05-27T11:43:03","date_gmt":"2009-05-27T09:43:03","guid":{"rendered":"http:\/\/www.syenlap.dk\/?p=3095"},"modified":"2009-05-27T11:43:03","modified_gmt":"2009-05-27T09:43:03","slug":"vellykket-udflugt-og-l%c3%a6kker-tapas","status":"publish","type":"post","link":"http:\/\/www.syenlap.dk\/?p=3095","title":{"rendered":"Vellykket udflugt og l\u00e6kker Tapas"},"content":{"rendered":"<p>Det blev bare s\u00e5 vellykket med KLUDEKONERNES udflugt i g\u00e5r. Lene Kroghs &#8220;Patchwork V\u00e6rkstedet&#8221; i Taulov er en meget l\u00e6kker lille butik med flotte stoffer og s\u00f8de modeller, is\u00e6r har Lene meget i st\u00e6rke farver, Kaffe Fassett og Batik\/Bali-stoffer f.eks., som kunne friste. Som denne taske, der b\u00e5de var syet op i disse sommerfarver og i d\u00e6mpede brunlige japanske stoffer.<\/p>\n<p><img loading=\"lazy\" decoding=\"async\" class=\"aligncenter size-full wp-image-3096\" title=\"udflugt-sommertaske\" src=\"http:\/\/www.syenlap.dk\/wp-content\/uploads\/2009\/05\/udflugt-sommertaske.jpg\" alt=\"udflugt-sommertaske\" width=\"500\" height=\"706\" \/><\/p>\n<p>Eller jordb\u00e6rstoffet, som Lene havde f\u00e5et hjem igen efter at hun fik udsolgt p\u00e5 Quiltefestivalen, det er brugt i flere modeller, her en flot stor l\u00f8ber:<\/p>\n<p><img loading=\"lazy\" decoding=\"async\" class=\"aligncenter size-full wp-image-3097\" title=\"udflugt-stof-lc3b8ber-jordbc3a6r\" src=\"http:\/\/www.syenlap.dk\/wp-content\/uploads\/2009\/05\/udflugt-stof-lc3b8ber-jordbc3a6r.jpg\" alt=\"udflugt-stof-lc3b8ber-jordbc3a6r\" width=\"500\" height=\"651\" \/><\/p>\n<p>Der var nok, der kunne friste, \u00e9n k\u00f8bte ind til dette t\u00e6ppe, som kan k\u00f8bes som kit:<\/p>\n<p><img loading=\"lazy\" decoding=\"async\" class=\"aligncenter size-full wp-image-3098\" title=\"udflugt-stof-retro-tc3a6ppe\" src=\"http:\/\/www.syenlap.dk\/wp-content\/uploads\/2009\/05\/udflugt-stof-retro-tc3a6ppe.jpg\" alt=\"udflugt-stof-retro-tc3a6ppe\" width=\"500\" height=\"693\" \/><\/p>\n<p>En anden til dette t\u00e6ppe, dog i andre flotte farver, som jeg nok f\u00e5r lov at vise en anden gang, men jeg synes nu ogs\u00e5, det er fantastisk flot i de st\u00e6rke Kaffe Fassett stoffer:<\/p>\n<p><img loading=\"lazy\" decoding=\"async\" class=\"aligncenter size-full wp-image-3099\" title=\"udflugt-pink-quilt\" src=\"http:\/\/www.syenlap.dk\/wp-content\/uploads\/2009\/05\/udflugt-pink-quilt.jpg\" alt=\"udflugt-pink-quilt\" width=\"500\" height=\"647\" \/><\/p>\n<p>Jeg lod mig friste af denne d\u00e6kkeserviet<\/p>\n<p><img loading=\"lazy\" decoding=\"async\" class=\"aligncenter size-full wp-image-3100\" title=\"udflugt-dc3a6kkeserviet\" src=\"http:\/\/www.syenlap.dk\/wp-content\/uploads\/2009\/05\/udflugt-dc3a6kkeserviet.jpg\" alt=\"udflugt-dc3a6kkeserviet\" width=\"500\" height=\"382\" \/><\/p>\n<p>&#8211; som jeg k\u00f8bte m\u00f8nster og stof\u00a0 til:<\/p>\n<p><img loading=\"lazy\" decoding=\"async\" class=\"aligncenter size-full wp-image-3101\" title=\"udflugt-stof\" src=\"http:\/\/www.syenlap.dk\/wp-content\/uploads\/2009\/05\/udflugt-stof.jpg\" alt=\"udflugt-stof\" width=\"300\" height=\"330\" \/><\/p>\n<p>En s\u00f8d og hurtig lille sag.<\/p>\n<p>Men hjemmefra havde jeg bestemt, at jeg for en gangs skyld ville k\u00f8be ind til et helt t\u00e6ppe. Det er ikke ret tit, jeg g\u00f8r det, fordi jeg har meget stof at &#8220;lege&#8221; med, som jeg godt kan lide. Men nu fandt jeg stoffer i stil med dem, Lene har brugt i Roberta Hortons &#8220;Garden Rainbow&#8221; fra Kaffe Fassetts bog &#8220;Country Garden Quilts&#8221; (her Lenes udgave)<\/p>\n<p><img loading=\"lazy\" decoding=\"async\" class=\"aligncenter size-full wp-image-3102\" title=\"lene-krogh-tc3a6ppe-m-kf1\" src=\"http:\/\/www.syenlap.dk\/wp-content\/uploads\/2009\/05\/lene-krogh-tc3a6ppe-m-kf1.jpg\" alt=\"lene-krogh-tc3a6ppe-m-kf1\" width=\"500\" height=\"666\" \/><\/p>\n<p>Som jeg vil sy i disse stoffer::<\/p>\n<p><img loading=\"lazy\" decoding=\"async\" class=\"aligncenter size-full wp-image-3103\" title=\"udflugt-stof-2\" src=\"http:\/\/www.syenlap.dk\/wp-content\/uploads\/2009\/05\/udflugt-stof-2.jpg\" alt=\"udflugt-stof-2\" width=\"500\" height=\"473\" \/><\/p>\n<p>Det gl\u00e6der jeg mig til! Det er sjovt at finde det hele p\u00e5 \u00e9n gang og stemme det af.<\/p>\n<p>Noget forsinket &#8211; det tager tid at ekspedere 10 quiltere! &#8211; kom vi til <a href=\"http:\/\/www.cafecarlos.dk\/index.php\" target=\"_blank\">Caf\u00e9 Carlos i Fredericia<\/a>, hvor vi fik en dejlig spansk middag. Vi valgte alle at f\u00e5 en &#8220;tapas-tallerken&#8221; i stedet for et udvalg af forskellige tapas, og det var meget l\u00e6kkert og hvidl\u00f8gsduftende!<\/p>\n<p><img loading=\"lazy\" decoding=\"async\" class=\"aligncenter size-full wp-image-3104\" title=\"udflugt-tapas\" src=\"http:\/\/www.syenlap.dk\/wp-content\/uploads\/2009\/05\/udflugt-tapas.jpg\" alt=\"udflugt-tapas\" width=\"500\" height=\"350\" \/><\/p>\n<p>Der var ogs\u00e5 \u00e9n, der fik en vegetarisk udgave:<\/p>\n<p><img loading=\"lazy\" decoding=\"async\" class=\"aligncenter size-full wp-image-3105\" title=\"udflugt-veg-tapas\" src=\"http:\/\/www.syenlap.dk\/wp-content\/uploads\/2009\/05\/udflugt-veg-tapas.jpg\" alt=\"udflugt-veg-tapas\" width=\"500\" height=\"438\" \/><\/p>\n<p>Det blev en sen middag, og de unge piger, der serverede, havde v\u00e6ret lidt bekymrede over, hvor vi blev af! Men der var ikke noget i vejen med servicen.<\/p>\n<p><img loading=\"lazy\" decoding=\"async\" class=\"aligncenter size-full wp-image-3106\" title=\"udflugt-middag-2\" src=\"http:\/\/www.syenlap.dk\/wp-content\/uploads\/2009\/05\/udflugt-middag-2.jpg\" alt=\"udflugt-middag-2\" width=\"500\" height=\"313\" \/><\/p>\n<p>Og lokalerne er hyggelige, s\u00e5 vi havde en god aften.<\/p>\n<p><img loading=\"lazy\" decoding=\"async\" class=\"aligncenter size-full wp-image-3107\" title=\"udflugt-middag\" src=\"http:\/\/www.syenlap.dk\/wp-content\/uploads\/2009\/05\/udflugt-middag.jpg\" alt=\"udflugt-middag\" width=\"500\" height=\"328\" \/><\/p>\n","protected":false},"excerpt":{"rendered":"<p>Det blev bare s\u00e5 vellykket med KLUDEKONERNES udflugt i g\u00e5r. Lene Kroghs &#8220;Patchwork V\u00e6rkstedet&#8221; i Taulov er en meget l\u00e6kker lille butik med flotte stoffer og s\u00f8de modeller, is\u00e6r har Lene meget i st\u00e6rke farver, Kaffe Fassett og Batik\/Bali-stoffer f.eks., &hellip; <a href=\"http:\/\/www.syenlap.dk\/?p=3095\">L\u00e6s resten <span class=\"meta-nav\">&rarr;<\/span><\/a><\/p>\n","protected":false},"author":2,"featured_media":0,"comment_status":"open","ping_status":"open","sticky":false,"template":"","format":"standard","meta":{"footnotes":""},"categories":[12,15],"tags":[],"class_list":["post-3095","post","type-post","status-publish","format-standard","hentry","category-oplevelser","category-patchwork"],"_links":{"self":[{"href":"http:\/\/www.syenlap.dk\/index.php?rest_route=\/wp\/v2\/posts\/3095","targetHints":{"allow":["GET"]}}],"collection":[{"href":"http:\/\/www.syenlap.dk\/index.php?rest_route=\/wp\/v2\/posts"}],"about":[{"href":"http:\/\/www.syenlap.dk\/index.php?rest_route=\/wp\/v2\/types\/post"}],"author":[{"embeddable":true,"href":"http:\/\/www.syenlap.dk\/index.php?rest_route=\/wp\/v2\/users\/2"}],"replies":[{"embeddable":true,"href":"http:\/\/www.syenlap.dk\/index.php?rest_route=%2Fwp%2Fv2%2Fcomments&post=3095"}],"version-history":[{"count":0,"href":"http:\/\/www.syenlap.dk\/index.php?rest_route=\/wp\/v2\/posts\/3095\/revisions"}],"wp:attachment":[{"href":"http:\/\/www.syenlap.dk\/index.php?rest_route=%2Fwp%2Fv2%2Fmedia&parent=3095"}],"wp:term":[{"taxonomy":"category","embeddable":true,"href":"http:\/\/www.syenlap.dk\/index.php?rest_route=%2Fwp%2Fv2%2Fcategories&post=3095"},{"taxonomy":"post_tag","embeddable":true,"href":"http:\/\/www.syenlap.dk\/index.php?rest_route=%2Fwp%2Fv2%2Ftags&post=3095"}],"curies":[{"name":"wp","href":"https:\/\/api.w.org\/{rel}","templated":true}]}}