{"id":31371,"date":"2017-03-08T23:31:29","date_gmt":"2017-03-08T21:31:29","guid":{"rendered":"http:\/\/www.syenlap.dk\/?p=31371"},"modified":"2017-03-08T23:31:29","modified_gmt":"2017-03-08T21:31:29","slug":"generalforsamlings-lagkager","status":"publish","type":"post","link":"http:\/\/www.syenlap.dk\/?p=31371","title":{"rendered":"Generalforsamlings-lagkager"},"content":{"rendered":"<p>Der var generalforsamling i Lilleb\u00e6lt Quilterne i g\u00e5r, jeg var blevet bedt om at v\u00e6re dirigent &#8211; m\u00e5ske fordi der var lidt forvirring om valgregler sidste \u00e5r &#8211; men det gik fint, og p\u00e5 godt \u00bd time var alt afviklet, og valgene godkendt uden problemer. Jeg vil nu ikke tage \u00e6ren, for der var ingen problemer og intet kampvalg!<\/p>\n<p><a href=\"http:\/\/www.syenlap.dk\/?attachment_id=31373\" rel=\"attachment wp-att-31373\"><img loading=\"lazy\" decoding=\"async\" class=\"alignright size-full wp-image-31373\" src=\"http:\/\/www.syenlap.dk\/wp-content\/uploads\/2017\/03\/lilleb\u00e6lt-2.jpg\" alt=\"\" width=\"600\" height=\"360\" srcset=\"http:\/\/www.syenlap.dk\/wp-content\/uploads\/2017\/03\/lilleb\u00e6lt-2.jpg 600w, http:\/\/www.syenlap.dk\/wp-content\/uploads\/2017\/03\/lilleb\u00e6lt-2-300x180.jpg 300w, http:\/\/www.syenlap.dk\/wp-content\/uploads\/2017\/03\/lilleb\u00e6lt-2-500x300.jpg 500w\" sizes=\"auto, (max-width: 600px) 100vw, 600px\" \/><\/a><\/p>\n<p>Til geng\u00e6ld gav foreningen kaffe\/te og k\u00e6mpem\u00e6ssige lagkager!<\/p>\n<p><a href=\"http:\/\/www.syenlap.dk\/?attachment_id=31372\" rel=\"attachment wp-att-31372\"><img loading=\"lazy\" decoding=\"async\" class=\"alignright size-full wp-image-31372\" src=\"http:\/\/www.syenlap.dk\/wp-content\/uploads\/2017\/03\/lilleb\u00e6lt-1.jpg\" alt=\"\" width=\"600\" height=\"728\" srcset=\"http:\/\/www.syenlap.dk\/wp-content\/uploads\/2017\/03\/lilleb\u00e6lt-1.jpg 600w, http:\/\/www.syenlap.dk\/wp-content\/uploads\/2017\/03\/lilleb\u00e6lt-1-247x300.jpg 247w\" sizes=\"auto, (max-width: 600px) 100vw, 600px\" \/><\/a><\/p>\n<p>Det var helt vildt, for vi var kun mellem 25-28!<\/p>\n<p>Men vi fik ogs\u00e5 lavet aftaler om udstillingen, som foreningen har lovet at l\u00e6gge t\u00e6pper til i forbindelse med H\u00e5ndarbejdsmessen i Lilleb\u00e6lthallerne, Middelfart 17. &#8211; 19. marts.<\/p>\n<p><a href=\"http:\/\/www.syenlap.dk\/?attachment_id=31374\" rel=\"attachment wp-att-31374\"><img loading=\"lazy\" decoding=\"async\" class=\"alignright size-full wp-image-31374\" src=\"http:\/\/www.syenlap.dk\/wp-content\/uploads\/2017\/03\/lilleb\u00e6lt-3-else-adriansen.jpg\" alt=\"\" width=\"600\" height=\"730\" srcset=\"http:\/\/www.syenlap.dk\/wp-content\/uploads\/2017\/03\/lilleb\u00e6lt-3-else-adriansen.jpg 600w, http:\/\/www.syenlap.dk\/wp-content\/uploads\/2017\/03\/lilleb\u00e6lt-3-else-adriansen-247x300.jpg 247w\" sizes=\"auto, (max-width: 600px) 100vw, 600px\" \/><\/a><\/p>\n<p>Og m\u00e5ske skal dette t\u00e6ppe med? Det var Else, der viste det frem i g\u00e5r, jeg har ogs\u00e5 syet det m\u00f8nster, men jeg synes, dette er ualmindelig smukt! Else laver rigtig mange flotte ting.<\/p>\n","protected":false},"excerpt":{"rendered":"<p>Der var generalforsamling i Lilleb\u00e6lt Quilterne i g\u00e5r, jeg var blevet bedt om at v\u00e6re dirigent &#8211; m\u00e5ske fordi der var lidt forvirring om valgregler sidste \u00e5r &#8211; men det gik fint, og p\u00e5 godt \u00bd time var alt afviklet, &hellip; <a href=\"http:\/\/www.syenlap.dk\/?p=31371\">L\u00e6s resten <span class=\"meta-nav\">&rarr;<\/span><\/a><\/p>\n","protected":false},"author":2,"featured_media":0,"comment_status":"open","ping_status":"open","sticky":false,"template":"","format":"standard","meta":{"footnotes":""},"categories":[68,15],"tags":[],"class_list":["post-31371","post","type-post","status-publish","format-standard","hentry","category-de-sma-glaeder","category-patchwork"],"_links":{"self":[{"href":"http:\/\/www.syenlap.dk\/index.php?rest_route=\/wp\/v2\/posts\/31371","targetHints":{"allow":["GET"]}}],"collection":[{"href":"http:\/\/www.syenlap.dk\/index.php?rest_route=\/wp\/v2\/posts"}],"about":[{"href":"http:\/\/www.syenlap.dk\/index.php?rest_route=\/wp\/v2\/types\/post"}],"author":[{"embeddable":true,"href":"http:\/\/www.syenlap.dk\/index.php?rest_route=\/wp\/v2\/users\/2"}],"replies":[{"embeddable":true,"href":"http:\/\/www.syenlap.dk\/index.php?rest_route=%2Fwp%2Fv2%2Fcomments&post=31371"}],"version-history":[{"count":1,"href":"http:\/\/www.syenlap.dk\/index.php?rest_route=\/wp\/v2\/posts\/31371\/revisions"}],"predecessor-version":[{"id":31375,"href":"http:\/\/www.syenlap.dk\/index.php?rest_route=\/wp\/v2\/posts\/31371\/revisions\/31375"}],"wp:attachment":[{"href":"http:\/\/www.syenlap.dk\/index.php?rest_route=%2Fwp%2Fv2%2Fmedia&parent=31371"}],"wp:term":[{"taxonomy":"category","embeddable":true,"href":"http:\/\/www.syenlap.dk\/index.php?rest_route=%2Fwp%2Fv2%2Fcategories&post=31371"},{"taxonomy":"post_tag","embeddable":true,"href":"http:\/\/www.syenlap.dk\/index.php?rest_route=%2Fwp%2Fv2%2Ftags&post=31371"}],"curies":[{"name":"wp","href":"https:\/\/api.w.org\/{rel}","templated":true}]}}