{"id":31419,"date":"2017-03-11T10:32:13","date_gmt":"2017-03-11T08:32:13","guid":{"rendered":"http:\/\/www.syenlap.dk\/?p=31419"},"modified":"2017-03-11T10:32:48","modified_gmt":"2017-03-11T08:32:48","slug":"gyldne-draaber","status":"publish","type":"post","link":"http:\/\/www.syenlap.dk\/?p=31419","title":{"rendered":"Gyldne dr\u00e5ber"},"content":{"rendered":"<p>Sidste sommer, da min s\u00f8ster var p\u00e5 bes\u00f8g fra Laos, <a href=\"http:\/\/www.syenlap.dk\/?attachment_id=31424\" rel=\"attachment wp-att-31424\"><img loading=\"lazy\" decoding=\"async\" class=\"alignright size-full wp-image-31424\" src=\"http:\/\/www.syenlap.dk\/wp-content\/uploads\/2017\/03\/laos-gr\u00f8n-te-3.jpg\" alt=\"\" width=\"150\" height=\"391\" srcset=\"http:\/\/www.syenlap.dk\/wp-content\/uploads\/2017\/03\/laos-gr\u00f8n-te-3.jpg 150w, http:\/\/www.syenlap.dk\/wp-content\/uploads\/2017\/03\/laos-gr\u00f8n-te-3-115x300.jpg 115w\" sizes=\"auto, (max-width: 150px) 100vw, 150px\" \/><\/a><br \/>\nhvor hun bor, havde hun mange\u00a0 gaver med, og de fleste var laotiske produkter, b\u00e5de h\u00e5ndarbejde, tekstiler og andre ting &#8211; bl.a. fik jeg en pose laotisk gr\u00f8n te.<\/p>\n<p>Den har jeg gemt indtil nu, men i g\u00e5r tog jeg hul p\u00e5 den. Det er meget fin te, st\u00f8rre, t\u00f8rrede teblade, end jeg har set f\u00f8r &#8211; og den smager vidunderligt!<\/p>\n<p>Tusind tak Lilles\u00f8ster! Jeg nyder den! S\u00e5dan en pose m\u00e5 du gerne have med, n\u00e6ste gang, du kommer &#8211; og du har lovet, at der g\u00e5r ikke 10 \u00e5r denne gang!<\/p>\n","protected":false},"excerpt":{"rendered":"<p>Sidste sommer, da min s\u00f8ster var p\u00e5 bes\u00f8g fra Laos, hvor hun bor, havde hun mange\u00a0 gaver med, og de fleste var laotiske produkter, b\u00e5de h\u00e5ndarbejde, tekstiler og andre ting &#8211; bl.a. fik jeg en pose laotisk gr\u00f8n te. Den &hellip; <a href=\"http:\/\/www.syenlap.dk\/?p=31419\">L\u00e6s resten <span class=\"meta-nav\">&rarr;<\/span><\/a><\/p>\n","protected":false},"author":2,"featured_media":0,"comment_status":"open","ping_status":"open","sticky":false,"template":"","format":"standard","meta":{"footnotes":""},"categories":[68,5],"tags":[],"class_list":["post-31419","post","type-post","status-publish","format-standard","hentry","category-de-sma-glaeder","category-familien"],"_links":{"self":[{"href":"http:\/\/www.syenlap.dk\/index.php?rest_route=\/wp\/v2\/posts\/31419","targetHints":{"allow":["GET"]}}],"collection":[{"href":"http:\/\/www.syenlap.dk\/index.php?rest_route=\/wp\/v2\/posts"}],"about":[{"href":"http:\/\/www.syenlap.dk\/index.php?rest_route=\/wp\/v2\/types\/post"}],"author":[{"embeddable":true,"href":"http:\/\/www.syenlap.dk\/index.php?rest_route=\/wp\/v2\/users\/2"}],"replies":[{"embeddable":true,"href":"http:\/\/www.syenlap.dk\/index.php?rest_route=%2Fwp%2Fv2%2Fcomments&post=31419"}],"version-history":[{"count":3,"href":"http:\/\/www.syenlap.dk\/index.php?rest_route=\/wp\/v2\/posts\/31419\/revisions"}],"predecessor-version":[{"id":31426,"href":"http:\/\/www.syenlap.dk\/index.php?rest_route=\/wp\/v2\/posts\/31419\/revisions\/31426"}],"wp:attachment":[{"href":"http:\/\/www.syenlap.dk\/index.php?rest_route=%2Fwp%2Fv2%2Fmedia&parent=31419"}],"wp:term":[{"taxonomy":"category","embeddable":true,"href":"http:\/\/www.syenlap.dk\/index.php?rest_route=%2Fwp%2Fv2%2Fcategories&post=31419"},{"taxonomy":"post_tag","embeddable":true,"href":"http:\/\/www.syenlap.dk\/index.php?rest_route=%2Fwp%2Fv2%2Ftags&post=31419"}],"curies":[{"name":"wp","href":"https:\/\/api.w.org\/{rel}","templated":true}]}}