{"id":3145,"date":"2009-05-31T11:19:40","date_gmt":"2009-05-31T09:19:40","guid":{"rendered":"http:\/\/www.syenlap.dk\/?p=3145"},"modified":"2009-05-31T11:19:40","modified_gmt":"2009-05-31T09:19:40","slug":"31-maj","status":"publish","type":"post","link":"http:\/\/www.syenlap.dk\/?p=3145","title":{"rendered":"31. maj"},"content":{"rendered":"<p>Jeg har altid haft noget med tal, is\u00e6r med datoer, som jeg kan huske i mange \u00e5r &#8211; ogs\u00e5 datoer, der s\u00e5dan set ikke har nogen vital betydning. F.eks. 31. maj 1962, som var den dag, da jeg havde indhentet \u00bd \u00e5rs bogholderi efter min forg\u00e6nger p\u00e5 K\u00e6mnerkontoret i Narssaq, Gr\u00f8nland, og var a jour! Det var simpelthen et knokleri, men det var en sk\u00f8n fornemmelse! Det var arbejde til kl 22 om aftenen, alle l\u00f8rdage og de fleste s\u00f8ndage, og det bet\u00f8d ogs\u00e5, at jeg som nyankommet til byen ikke l\u00e6rte ret mange at kende. Men jeg havde den fordel at v\u00e6re pige, og der var masser af ungkarle i byen &#8211; is\u00e6r om sommeren &#8211; men ikke mange alene-piger, og slet ikke ret mange (2!) danske unge piger! S\u00e5 da jeg havde kedet mig lidt i en m\u00e5ned, gik jeg til &#8220;F\u00e5reholderbal&#8221; den 1. juli\u00a0i forsamlingshuset, hvor jeg vidste, at det meste af byen deltog (jeg havde simpelthen ondt af mig selv over ikke at v\u00e6re med!), og der traf jeg en munter flok ungkarle, som havde startet med at spise hjemme hos: S\u00f8ren! Og der blev jeg inviteret med hjem p\u00e5 natmad, som bl.a. var radiser og salat, avlet i egen mistb\u00e6nk, det var kr\u00e6s, n\u00e5r man ikke kunne k\u00f8be frisk gr\u00f8nt, bortset fra gamle kartofler og gamle guler\u00f8dder!<\/p>\n<p>Og i dag 31. maj 2009, Pinsedag, er ogs\u00e5 en m\u00e6rkedag, for vi skal for f\u00f8rste gang i m\u00e5neder p\u00e5 bes\u00f8g ud af huset, nemlig hos s\u00f8nnen i Fredericia, det gl\u00e6der vi os rigtig meget til. Vi skal grille \u00e6nder i hans Webergrill, det har vi ikke pr\u00f8vet f\u00f8r, men vi havde 2 \u00e6nder i fryseren.<\/p>\n<p>Et par pinseglimt fra haven, som stadig har nye Rhododendron, der springer ud l\u00f8bende:<\/p>\n<p><img loading=\"lazy\" decoding=\"async\" class=\"aligncenter size-full wp-image-3146\" title=\"have198\" src=\"http:\/\/www.syenlap.dk\/wp-content\/uploads\/2009\/05\/have198.jpg\" alt=\"have198\" width=\"500\" height=\"375\" \/><\/p>\n<p><img loading=\"lazy\" decoding=\"async\" class=\"aligncenter size-full wp-image-3147\" title=\"have203\" src=\"http:\/\/www.syenlap.dk\/wp-content\/uploads\/2009\/05\/have203.jpg\" alt=\"have203\" width=\"500\" height=\"410\" \/><\/p>\n<p><img loading=\"lazy\" decoding=\"async\" class=\"aligncenter size-full wp-image-3148\" title=\"have325\" src=\"http:\/\/www.syenlap.dk\/wp-content\/uploads\/2009\/05\/have325.jpg\" alt=\"have325\" width=\"500\" height=\"361\" \/><\/p>\n<p><img loading=\"lazy\" decoding=\"async\" class=\"aligncenter size-full wp-image-3149\" title=\"have319\" src=\"http:\/\/www.syenlap.dk\/wp-content\/uploads\/2009\/05\/have319.jpg\" alt=\"have319\" width=\"500\" height=\"393\" \/><\/p>\n<p>En fantastisk farve p\u00e5 denne Azalea!<\/p>\n<p>Men der er ogs\u00e5 andet en Rhododendron, her er et glimt af kommende gl\u00e6der, nemlig de blomstrende bl\u00e5b\u00e6rbuske, som vil give os masser af dejlige, sunde (moderne!) b\u00e6r:<\/p>\n<p><img loading=\"lazy\" decoding=\"async\" class=\"aligncenter size-full wp-image-3150\" title=\"have209-blabc3a6r\" src=\"http:\/\/www.syenlap.dk\/wp-content\/uploads\/2009\/05\/have209-blabc3a6r.jpg\" alt=\"have209-blabc3a6r\" width=\"500\" height=\"408\" \/><\/p>\n<p><img loading=\"lazy\" decoding=\"async\" class=\"aligncenter size-full wp-image-3151\" title=\"have208-blabc3a6r\" src=\"http:\/\/www.syenlap.dk\/wp-content\/uploads\/2009\/05\/have208-blabc3a6r.jpg\" alt=\"have208-blabc3a6r\" width=\"500\" height=\"375\" \/><\/p>\n<p>Og figenen, som vi k\u00f8bte p\u00e5 Bornholm for 3 \u00e5r siden, og se, hvad der kommer:<\/p>\n<p><img loading=\"lazy\" decoding=\"async\" class=\"aligncenter size-full wp-image-3152\" title=\"have329-figner\" src=\"http:\/\/www.syenlap.dk\/wp-content\/uploads\/2009\/05\/have329-figner.jpg\" alt=\"have329-figner\" width=\"500\" height=\"375\" \/><\/p>\n<p>Rigtig God Pinse!<\/p>\n","protected":false},"excerpt":{"rendered":"<p>Jeg har altid haft noget med tal, is\u00e6r med datoer, som jeg kan huske i mange \u00e5r &#8211; ogs\u00e5 datoer, der s\u00e5dan set ikke har nogen vital betydning. F.eks. 31. maj 1962, som var den dag, da jeg havde indhentet &hellip; <a href=\"http:\/\/www.syenlap.dk\/?p=3145\">L\u00e6s resten <span class=\"meta-nav\">&rarr;<\/span><\/a><\/p>\n","protected":false},"author":2,"featured_media":0,"comment_status":"open","ping_status":"open","sticky":false,"template":"","format":"standard","meta":{"footnotes":""},"categories":[1],"tags":[],"class_list":["post-3145","post","type-post","status-publish","format-standard","hentry","category-ikke-kategoriseret"],"_links":{"self":[{"href":"http:\/\/www.syenlap.dk\/index.php?rest_route=\/wp\/v2\/posts\/3145","targetHints":{"allow":["GET"]}}],"collection":[{"href":"http:\/\/www.syenlap.dk\/index.php?rest_route=\/wp\/v2\/posts"}],"about":[{"href":"http:\/\/www.syenlap.dk\/index.php?rest_route=\/wp\/v2\/types\/post"}],"author":[{"embeddable":true,"href":"http:\/\/www.syenlap.dk\/index.php?rest_route=\/wp\/v2\/users\/2"}],"replies":[{"embeddable":true,"href":"http:\/\/www.syenlap.dk\/index.php?rest_route=%2Fwp%2Fv2%2Fcomments&post=3145"}],"version-history":[{"count":0,"href":"http:\/\/www.syenlap.dk\/index.php?rest_route=\/wp\/v2\/posts\/3145\/revisions"}],"wp:attachment":[{"href":"http:\/\/www.syenlap.dk\/index.php?rest_route=%2Fwp%2Fv2%2Fmedia&parent=3145"}],"wp:term":[{"taxonomy":"category","embeddable":true,"href":"http:\/\/www.syenlap.dk\/index.php?rest_route=%2Fwp%2Fv2%2Fcategories&post=3145"},{"taxonomy":"post_tag","embeddable":true,"href":"http:\/\/www.syenlap.dk\/index.php?rest_route=%2Fwp%2Fv2%2Ftags&post=3145"}],"curies":[{"name":"wp","href":"https:\/\/api.w.org\/{rel}","templated":true}]}}