{"id":3180,"date":"2009-06-03T17:21:41","date_gmt":"2009-06-03T15:21:41","guid":{"rendered":"http:\/\/www.syenlap.dk\/?p=3180"},"modified":"2009-06-03T17:21:41","modified_gmt":"2009-06-03T15:21:41","slug":"quilt-in-public-20-juni","status":"publish","type":"post","link":"http:\/\/www.syenlap.dk\/?p=3180","title":{"rendered":"Quilt in Public 20. juni"},"content":{"rendered":"<p>Europ\u00e6iske quiltere afholder en f\u00e6lles quiltedag l\u00f8rdag den 20. juni, og vi er blevet enige om her i Br\u00e6dstrup, at vi vil v\u00e6re med! Vi laver et f\u00e6lles arrangement b\u00e5de 20. og s\u00f8ndag 21. juni, b\u00e5de de 2 private patchworkklubber &#8220;Kludekonerne&#8221;, &#8220;De 5&#8221; samt Aktivitetscenter S\u00f8nderg\u00e5rden&#8217;s patchworkhold. Og vi inviterer selvf\u00f8lgelig alle andre interesserede patchworkere\/quiltere til at v\u00e6re med. Samtidig laver vi udstilling, og vi kan bruge det kommunale &#8220;Tinghuset&#8221;, som har meget fine udstillingsfaciliteter.<\/p>\n<p>S\u00e5 nu g\u00e5r vi i gang med at finde t\u00e6pper og sm\u00e5ting frem, s\u00e5 alle kan komme og se, hvad vi laver.\u00a0 Vi har nok at v\u00e6lge imellem! Til dette form\u00e5l har jeg holdt nogle puttet\u00e6pper = t\u00e6pper til b\u00f8rn p\u00e5 julem\u00e6rkehjem tilbage, s\u00e5 de kan blive udstillet f\u00f8rst. F.eks. dette, hvor jeg selv har syet en del af blokkene og &#8220;swappet&#8221; andre med svenske quiltere,<\/p>\n<p><img loading=\"lazy\" decoding=\"async\" class=\"aligncenter size-full wp-image-3181\" title=\"pu0609-hanne\" src=\"http:\/\/www.syenlap.dk\/wp-content\/uploads\/2009\/06\/pu0609-hanne.jpg\" alt=\"pu0609-hanne\" width=\"500\" height=\"484\" \/><\/p>\n<p>og hvor en professionel quiltebutik <a href=\"http:\/\/www.quiltefant.dk\/\" target=\"_blank\">&#8220;Quiltefant&#8221;<\/a> har leveret den meget flotte quiltning &#8211; gratis! &#8211; p\u00e5 en speciel lang-arm-maskine.<\/p>\n<p><img loading=\"lazy\" decoding=\"async\" class=\"aligncenter size-full wp-image-3182\" title=\"pu0609-hanne-detail\" src=\"http:\/\/www.syenlap.dk\/wp-content\/uploads\/2009\/06\/pu0609-hanne-detail.jpg\" alt=\"pu0609-hanne-detail\" width=\"500\" height=\"534\" \/><\/p>\n<p>Vi har p\u00e5 S\u00f8nderg\u00e5rden i vinter syet blokke af de rester, hver is\u00e6r har, og der blev til hele 3 puttet\u00e6pper, ogs\u00e5 til julem\u00e6rkehjem. Dem er jeg ved at samle til f\u00e6rdige t\u00e6pper, de bliver rigtig s\u00f8de.<\/p>\n<p><img loading=\"lazy\" decoding=\"async\" class=\"aligncenter size-full wp-image-3183\" title=\"emmas-blomster-ikke-quiltet\" src=\"http:\/\/www.syenlap.dk\/wp-content\/uploads\/2009\/06\/emmas-blomster-ikke-quiltet.jpg\" alt=\"emmas-blomster-ikke-quiltet\" width=\"500\" height=\"633\" \/><\/p>\n<p>Det bliver sp\u00e6ndende, om der kommer nogen og ser vores v\u00e6rker!\u00a0Der bliver ogs\u00e5 mulighed for at pr\u00f8ve selv. S\u00e5 det skal nok blive sjovt.<\/p>\n","protected":false},"excerpt":{"rendered":"<p>Europ\u00e6iske quiltere afholder en f\u00e6lles quiltedag l\u00f8rdag den 20. juni, og vi er blevet enige om her i Br\u00e6dstrup, at vi vil v\u00e6re med! Vi laver et f\u00e6lles arrangement b\u00e5de 20. og s\u00f8ndag 21. juni, b\u00e5de de 2 private patchworkklubber &hellip; <a href=\"http:\/\/www.syenlap.dk\/?p=3180\">L\u00e6s resten <span class=\"meta-nav\">&rarr;<\/span><\/a><\/p>\n","protected":false},"author":2,"featured_media":0,"comment_status":"open","ping_status":"open","sticky":false,"template":"","format":"standard","meta":{"footnotes":""},"categories":[15],"tags":[51],"class_list":["post-3180","post","type-post","status-publish","format-standard","hentry","category-patchwork","tag-projekt-puttetpper"],"_links":{"self":[{"href":"http:\/\/www.syenlap.dk\/index.php?rest_route=\/wp\/v2\/posts\/3180","targetHints":{"allow":["GET"]}}],"collection":[{"href":"http:\/\/www.syenlap.dk\/index.php?rest_route=\/wp\/v2\/posts"}],"about":[{"href":"http:\/\/www.syenlap.dk\/index.php?rest_route=\/wp\/v2\/types\/post"}],"author":[{"embeddable":true,"href":"http:\/\/www.syenlap.dk\/index.php?rest_route=\/wp\/v2\/users\/2"}],"replies":[{"embeddable":true,"href":"http:\/\/www.syenlap.dk\/index.php?rest_route=%2Fwp%2Fv2%2Fcomments&post=3180"}],"version-history":[{"count":0,"href":"http:\/\/www.syenlap.dk\/index.php?rest_route=\/wp\/v2\/posts\/3180\/revisions"}],"wp:attachment":[{"href":"http:\/\/www.syenlap.dk\/index.php?rest_route=%2Fwp%2Fv2%2Fmedia&parent=3180"}],"wp:term":[{"taxonomy":"category","embeddable":true,"href":"http:\/\/www.syenlap.dk\/index.php?rest_route=%2Fwp%2Fv2%2Fcategories&post=3180"},{"taxonomy":"post_tag","embeddable":true,"href":"http:\/\/www.syenlap.dk\/index.php?rest_route=%2Fwp%2Fv2%2Ftags&post=3180"}],"curies":[{"name":"wp","href":"https:\/\/api.w.org\/{rel}","templated":true}]}}