{"id":3194,"date":"2009-06-05T12:58:40","date_gmt":"2009-06-05T10:58:40","guid":{"rendered":"http:\/\/www.syenlap.dk\/?p=3194"},"modified":"2009-06-05T12:58:40","modified_gmt":"2009-06-05T10:58:40","slug":"sk%c3%b8nne-farver","status":"publish","type":"post","link":"http:\/\/www.syenlap.dk\/?p=3194","title":{"rendered":"Sk\u00f8nne farver"},"content":{"rendered":"<p>Jeg fik lige s\u00e5dan en lyst til at sy noget i h\u00e5nden, og da jeg fik nogle flotte Kaffe Fassett stoffer i <a href=\"http:\/\/www.syenlap.dk\/?p=2972\" target=\"_blank\">Mors dags gave<\/a>, og jeg samtidig havde nogle i hans design i forvejen, skulle det v\u00e6re dem. Det var bare en id\u00e9, som jeg s\u00e5 har ladet udvikle sig, uden ar have et m\u00f8nster.<\/p>\n<p>Jeg ville lave en l\u00f8ber til vores spisebord, s\u00e5 jeg har noget af skifte med, der manglede noget i sommerfarver!<\/p>\n<p><img loading=\"lazy\" decoding=\"async\" class=\"aligncenter size-full wp-image-3195\" title=\"lc3b8ber-kf\" src=\"http:\/\/www.syenlap.dk\/wp-content\/uploads\/2009\/06\/lc3b8ber-kf.jpg\" alt=\"lc3b8ber-kf\" width=\"500\" height=\"569\" \/><\/p>\n<p>Id\u00e9en, som Bente gav mig, startede med de 6 store pink firkanter, og s\u00e5 pr\u00f8vede jeg mig frem med andre firkanter. Det var meningen, at de bare skulle sys sammen til en mosaik, men der manglede noget! De smalle limegr\u00f8nne stolper og de sm\u00e5 m\u00f8rk turkis firkanter i hj\u00f8rnerne gav samling!<\/p>\n<p>Nu fik jeg pillet pap ud i g\u00e5r aftes og samlet med volumenvlies og bagsidestof, s\u00e5 der blir en tittekant, sat n\u00e5le i og fundet ud af, hvilke quiltetr\u00e5d, jeg vil bruge. Det bliver en lys gr\u00f8n\/bl\u00e5 changerende silketr\u00e5d.<\/p>\n<p><img loading=\"lazy\" decoding=\"async\" class=\"aligncenter size-full wp-image-3196\" title=\"lc3b8ber-kf-quiltetrad\" src=\"http:\/\/www.syenlap.dk\/wp-content\/uploads\/2009\/06\/lc3b8ber-kf-quiltetrad.jpg\" alt=\"lc3b8ber-kf-quiltetrad\" width=\"500\" height=\"449\" \/><\/p>\n<p>Mon ikke det bliver flot?<\/p>\n","protected":false},"excerpt":{"rendered":"<p>Jeg fik lige s\u00e5dan en lyst til at sy noget i h\u00e5nden, og da jeg fik nogle flotte Kaffe Fassett stoffer i Mors dags gave, og jeg samtidig havde nogle i hans design i forvejen, skulle det v\u00e6re dem. Det &hellip; <a href=\"http:\/\/www.syenlap.dk\/?p=3194\">L\u00e6s resten <span class=\"meta-nav\">&rarr;<\/span><\/a><\/p>\n","protected":false},"author":2,"featured_media":0,"comment_status":"open","ping_status":"open","sticky":false,"template":"","format":"standard","meta":{"footnotes":""},"categories":[1],"tags":[],"class_list":["post-3194","post","type-post","status-publish","format-standard","hentry","category-ikke-kategoriseret"],"_links":{"self":[{"href":"http:\/\/www.syenlap.dk\/index.php?rest_route=\/wp\/v2\/posts\/3194","targetHints":{"allow":["GET"]}}],"collection":[{"href":"http:\/\/www.syenlap.dk\/index.php?rest_route=\/wp\/v2\/posts"}],"about":[{"href":"http:\/\/www.syenlap.dk\/index.php?rest_route=\/wp\/v2\/types\/post"}],"author":[{"embeddable":true,"href":"http:\/\/www.syenlap.dk\/index.php?rest_route=\/wp\/v2\/users\/2"}],"replies":[{"embeddable":true,"href":"http:\/\/www.syenlap.dk\/index.php?rest_route=%2Fwp%2Fv2%2Fcomments&post=3194"}],"version-history":[{"count":0,"href":"http:\/\/www.syenlap.dk\/index.php?rest_route=\/wp\/v2\/posts\/3194\/revisions"}],"wp:attachment":[{"href":"http:\/\/www.syenlap.dk\/index.php?rest_route=%2Fwp%2Fv2%2Fmedia&parent=3194"}],"wp:term":[{"taxonomy":"category","embeddable":true,"href":"http:\/\/www.syenlap.dk\/index.php?rest_route=%2Fwp%2Fv2%2Fcategories&post=3194"},{"taxonomy":"post_tag","embeddable":true,"href":"http:\/\/www.syenlap.dk\/index.php?rest_route=%2Fwp%2Fv2%2Ftags&post=3194"}],"curies":[{"name":"wp","href":"https:\/\/api.w.org\/{rel}","templated":true}]}}