{"id":31963,"date":"2017-05-28T09:59:06","date_gmt":"2017-05-28T07:59:06","guid":{"rendered":"http:\/\/www.syenlap.dk\/?p=31963"},"modified":"2017-05-28T09:59:06","modified_gmt":"2017-05-28T07:59:06","slug":"det-gjorde-godt-2","status":"publish","type":"post","link":"http:\/\/www.syenlap.dk\/?p=31963","title":{"rendered":"Det gjorde godt&#8230;"},"content":{"rendered":"<p>&#8230;med en slapper-dag i g\u00e5r! Jeg r\u00f8rte ikke en syn\u00e5l! Og strikkede bare lidt i g\u00e5r aftes.<\/p>\n<p>Jeg vaskede t\u00f8j og fik 2 portioner t\u00f8rt i det gode vejr. Den 3. vask = en &#8220;pom-pom-m\u00e5tte&#8221; fra badev\u00e6relset blev vasket, men ikke centrifugeret &#8211; jeg pr\u00f8vede med en ekstra centrifugering, det virkede heller ikke. Trevlesien indeholdt ikke noget, maskinen k\u00f8rte bare langsomt frem og tilbage og t\u00f8mte vand, men gik ikke op i omdrejninger, s\u00e5 det endte med, at jeg h\u00e6ngte den drivv\u00e5de m\u00e5tte ud p\u00e5 t\u00f8rresnoren &#8211; og den er stadig drivv\u00e5d i dag!<\/p>\n<p>Nu har jeg l\u00e6st &#8220;fejlfinding&#8221; i brugsvejledningen til den forholdsvis nye (og gode) maskine, og det ser ud til, at det har noget med uj\u00e6vn fordeling i maskinen at g\u00f8re. Det skal nok passe, for m\u00e5tten er meget tung af vand og fylder jo ikke j\u00e6vnt ud. S\u00e5 nu vil jeg vaske Diki&#8217;s s\u00e6kkepude, som tr\u00e6nger, og hvis jeg s\u00e5 centrifugerer de 2 sammen, tror jeg, at det bliver mere j\u00e6vnt.<\/p>\n<p>Jeg har nemlig ogs\u00e5 noget andet, der skal vaskes i dag, og som jeg har set frem til: Mary-sv\u00f8bet, som jeg har strikket p\u00e5 et stykke tid, er f\u00e6rdigt &#8211; ork den var lang, den yderbort!, men det vidste jeg jo godt! Der er nogle ganske f\u00e5 ender, der skal h\u00e6ftes, s\u00e5 skal det uld-vaskes og sp\u00e6ndes op. Det gl\u00e6der jeg mig til!<\/p>\n","protected":false},"excerpt":{"rendered":"<p>&#8230;med en slapper-dag i g\u00e5r! Jeg r\u00f8rte ikke en syn\u00e5l! Og strikkede bare lidt i g\u00e5r aftes. Jeg vaskede t\u00f8j og fik 2 portioner t\u00f8rt i det gode vejr. Den 3. vask = en &#8220;pom-pom-m\u00e5tte&#8221; fra badev\u00e6relset blev vasket, men &hellip; <a href=\"http:\/\/www.syenlap.dk\/?p=31963\">L\u00e6s resten <span class=\"meta-nav\">&rarr;<\/span><\/a><\/p>\n","protected":false},"author":2,"featured_media":0,"comment_status":"open","ping_status":"open","sticky":false,"template":"","format":"standard","meta":{"footnotes":""},"categories":[3],"tags":[],"class_list":["post-31963","post","type-post","status-publish","format-standard","hentry","category-dagligdagen"],"_links":{"self":[{"href":"http:\/\/www.syenlap.dk\/index.php?rest_route=\/wp\/v2\/posts\/31963","targetHints":{"allow":["GET"]}}],"collection":[{"href":"http:\/\/www.syenlap.dk\/index.php?rest_route=\/wp\/v2\/posts"}],"about":[{"href":"http:\/\/www.syenlap.dk\/index.php?rest_route=\/wp\/v2\/types\/post"}],"author":[{"embeddable":true,"href":"http:\/\/www.syenlap.dk\/index.php?rest_route=\/wp\/v2\/users\/2"}],"replies":[{"embeddable":true,"href":"http:\/\/www.syenlap.dk\/index.php?rest_route=%2Fwp%2Fv2%2Fcomments&post=31963"}],"version-history":[{"count":1,"href":"http:\/\/www.syenlap.dk\/index.php?rest_route=\/wp\/v2\/posts\/31963\/revisions"}],"predecessor-version":[{"id":31964,"href":"http:\/\/www.syenlap.dk\/index.php?rest_route=\/wp\/v2\/posts\/31963\/revisions\/31964"}],"wp:attachment":[{"href":"http:\/\/www.syenlap.dk\/index.php?rest_route=%2Fwp%2Fv2%2Fmedia&parent=31963"}],"wp:term":[{"taxonomy":"category","embeddable":true,"href":"http:\/\/www.syenlap.dk\/index.php?rest_route=%2Fwp%2Fv2%2Fcategories&post=31963"},{"taxonomy":"post_tag","embeddable":true,"href":"http:\/\/www.syenlap.dk\/index.php?rest_route=%2Fwp%2Fv2%2Ftags&post=31963"}],"curies":[{"name":"wp","href":"https:\/\/api.w.org\/{rel}","templated":true}]}}