{"id":32131,"date":"2017-06-28T22:36:33","date_gmt":"2017-06-28T20:36:33","guid":{"rendered":"http:\/\/www.syenlap.dk\/?p=32131"},"modified":"2017-07-04T10:22:41","modified_gmt":"2017-07-04T08:22:41","slug":"2-fine-drengetaepper","status":"publish","type":"post","link":"http:\/\/www.syenlap.dk\/?p=32131","title":{"rendered":"2 fine drenget\u00e6pper"},"content":{"rendered":"<p>Nu holder vi snart sommerferie p\u00e5 Depotg\u00e5rden &#8211; dvs i mods\u00e6tning til tidligere \u00e5r, er det kun 4 uger, og bestyrelsen har godkendt, at de, der \u00f8nsker at deltage i nogle planlagte temadage, kan komme ogs\u00e5 i de 3 uger, der officielt er lukket. Det er der mange, der er glade for, og p\u00e5 Tekstilv\u00e6rkstedet er der planlagt flere sp\u00e6ndende temaer!<\/p>\n<p>Men vi arbejder stadig p\u00e5 de s\u00e6dvanlige projekter, og i dag blev 2 meget fine t\u00e6pper helt f\u00e6rdige.<\/p>\n<p><a href=\"http:\/\/www.syenlap.dk\/?attachment_id=32132\" rel=\"attachment wp-att-32132\"><img loading=\"lazy\" decoding=\"async\" class=\"alignright size-full wp-image-32132\" src=\"http:\/\/www.syenlap.dk\/wp-content\/uploads\/2017\/06\/280617-depot-lailas-drenget\u00e6ppe.jpg\" alt=\"\" width=\"600\" height=\"717\" srcset=\"http:\/\/www.syenlap.dk\/wp-content\/uploads\/2017\/06\/280617-depot-lailas-drenget\u00e6ppe.jpg 600w, http:\/\/www.syenlap.dk\/wp-content\/uploads\/2017\/06\/280617-depot-lailas-drenget\u00e6ppe-251x300.jpg 251w\" sizes=\"auto, (max-width: 600px) 100vw, 600px\" \/><\/a><\/p>\n<p>Laila blev f\u00e6rdig med et t\u00e6ppe, hun har arbejdet p\u00e5 l\u00e6nge, til en dreng i hendes familie.<\/p>\n<p><a href=\"http:\/\/www.syenlap.dk\/?attachment_id=32133\" rel=\"attachment wp-att-32133\"><img loading=\"lazy\" decoding=\"async\" class=\"alignright size-full wp-image-32133\" src=\"http:\/\/www.syenlap.dk\/wp-content\/uploads\/2017\/06\/1706-aja-hermannsen.jpg\" alt=\"\" width=\"600\" height=\"779\" srcset=\"http:\/\/www.syenlap.dk\/wp-content\/uploads\/2017\/06\/1706-aja-hermannsen.jpg 600w, http:\/\/www.syenlap.dk\/wp-content\/uploads\/2017\/06\/1706-aja-hermannsen-231x300.jpg 231w\" sizes=\"auto, (max-width: 600px) 100vw, 600px\" \/><\/a><\/p>\n<p>Og jeg fik syet lukkekant p\u00e5 et sk\u00f8nt puttet\u00e6ppe, som Aja har syet af stoffer med bl\u00e5 fugle, doneret til Projekt Puttet\u00e6pper.<\/p>\n","protected":false},"excerpt":{"rendered":"<p>Nu holder vi snart sommerferie p\u00e5 Depotg\u00e5rden &#8211; dvs i mods\u00e6tning til tidligere \u00e5r, er det kun 4 uger, og bestyrelsen har godkendt, at de, der \u00f8nsker at deltage i nogle planlagte temadage, kan komme ogs\u00e5 i de 3 uger, &hellip; <a href=\"http:\/\/www.syenlap.dk\/?p=32131\">L\u00e6s resten <span class=\"meta-nav\">&rarr;<\/span><\/a><\/p>\n","protected":false},"author":2,"featured_media":0,"comment_status":"open","ping_status":"open","sticky":false,"template":"","format":"standard","meta":{"footnotes":""},"categories":[15,69],"tags":[],"class_list":["post-32131","post","type-post","status-publish","format-standard","hentry","category-patchwork","category-puttetaepper-til-born-pa-julemaerkehjem"],"_links":{"self":[{"href":"http:\/\/www.syenlap.dk\/index.php?rest_route=\/wp\/v2\/posts\/32131","targetHints":{"allow":["GET"]}}],"collection":[{"href":"http:\/\/www.syenlap.dk\/index.php?rest_route=\/wp\/v2\/posts"}],"about":[{"href":"http:\/\/www.syenlap.dk\/index.php?rest_route=\/wp\/v2\/types\/post"}],"author":[{"embeddable":true,"href":"http:\/\/www.syenlap.dk\/index.php?rest_route=\/wp\/v2\/users\/2"}],"replies":[{"embeddable":true,"href":"http:\/\/www.syenlap.dk\/index.php?rest_route=%2Fwp%2Fv2%2Fcomments&post=32131"}],"version-history":[{"count":4,"href":"http:\/\/www.syenlap.dk\/index.php?rest_route=\/wp\/v2\/posts\/32131\/revisions"}],"predecessor-version":[{"id":32175,"href":"http:\/\/www.syenlap.dk\/index.php?rest_route=\/wp\/v2\/posts\/32131\/revisions\/32175"}],"wp:attachment":[{"href":"http:\/\/www.syenlap.dk\/index.php?rest_route=%2Fwp%2Fv2%2Fmedia&parent=32131"}],"wp:term":[{"taxonomy":"category","embeddable":true,"href":"http:\/\/www.syenlap.dk\/index.php?rest_route=%2Fwp%2Fv2%2Fcategories&post=32131"},{"taxonomy":"post_tag","embeddable":true,"href":"http:\/\/www.syenlap.dk\/index.php?rest_route=%2Fwp%2Fv2%2Ftags&post=32131"}],"curies":[{"name":"wp","href":"https:\/\/api.w.org\/{rel}","templated":true}]}}